{"id":9538,"date":"2023-05-18T07:40:47","date_gmt":"2023-05-18T05:40:47","guid":{"rendered":"https:\/\/www.link2fleet.com\/formation-vehicules-electriques-nous-avons-teste-le-nouveau-stage-bmw\/"},"modified":"2023-05-18T07:40:47","modified_gmt":"2023-05-18T05:40:47","slug":"formation-vehicules-electriques-nous-avons-teste-le-nouveau-stage-bmw","status":"publish","type":"post","link":"https:\/\/www.link2fleet.com\/fr\/formation-vehicules-electriques-nous-avons-teste-le-nouveau-stage-bmw\/","title":{"rendered":"Formation v\u00e9hicules \u00e9lectriques : nous avons test\u00e9 le nouveau stage BMW !"},"content":{"rendered":"<p>Comme d\u2019autres marques premium, BMW est connue pour ses \u00ab\u00a0Driving Experience\u00a0\u00bb. Tourn\u00e9es vers la conduite d\u00e9fensive, le drift ou, bien s\u00fbr, le dynamisme et la comp\u00e9tition, la marque innove en proposant cette fois la \u00ab\u00a0BMW i Driving Experience\u00a0\u00bb. Particularit\u00e9\u00a0? Ce stage se concentre int\u00e9gralement sur la voiture 100% \u00e9lectrique. La demi-journ\u00e9e de formation se d\u00e9roule \u00e0 l\u2019\u00e9cole de conduite Mercator situ\u00e9e \u00e0 Rotselaar, pr\u00e8s de Louvain.<\/p>\n<figure id=\"attachment_1293052\" aria-describedby=\"caption-attachment-1293052\" style=\"width: 640px\" class=\"wp-caption aligncenter\"><img loading=\"lazy\" decoding=\"async\" class=\"wp-image-1293052 size-large\" src=\"https:\/\/www.link2fleet.com\/wp-content\/uploads\/2023\/05\/BMW-Slipcursus-Rotselaar-20230506-WEB-035-1024x683.jpg\" alt=\"\" width=\"640\" height=\"427\" \/><figcaption id=\"caption-attachment-1293052\" class=\"wp-caption-text\">La formation d\u00e9bute avec un petit cours th\u00e9orique de 30 minutes environ.<\/figcaption><\/figure>\n<p><strong>Petit cours de 30 minutes <\/strong><\/p>\n<p>Le stage d\u00e9bute avec un briefing th\u00e9orique d\u2019environ 30 minutes. Celui-ci est n\u00e9cessaire pour se remettre en t\u00eate les sp\u00e9cificit\u00e9s de la voiture \u00e9lectrique\u00a0: kW, kWh, batterie, poids, avantages et inconv\u00e9nients, recharge, tout est expliqu\u00e9 clairement. Les instructeurs BMW exposent m\u00eame bri\u00e8vement quelques r\u00e8gles d\u2019\u00e9coconduite li\u00e9es au v\u00e9hicule \u00e9lectrique, tout en rappelant m\u00eame quelques \u00e9l\u00e9mentaires d\u2019une utilisation intelligente de la climatisation, par exemple.<\/p>\n<figure id=\"attachment_1293058\" aria-describedby=\"caption-attachment-1293058\" style=\"width: 640px\" class=\"wp-caption aligncenter\"><img loading=\"lazy\" decoding=\"async\" class=\"wp-image-1293058 size-large\" src=\"https:\/\/www.link2fleet.com\/wp-content\/uploads\/2023\/05\/BMW-Slipcursus-Rotselaar-20230506-WEB-198-1024x683.jpg\" alt=\"\" width=\"640\" height=\"427\" \/><figcaption id=\"caption-attachment-1293058\" class=\"wp-caption-text\">Une occasion unique de tester les plus luxueuses des \u00e9lectriques BMW.<\/figcaption><\/figure>\n<p><strong>D\u2019abord, dans la circulation<\/strong><\/p>\n<p>Apr\u00e8s la th\u00e9orie, place \u00e0 la pratique. Dans notre cas, nous avons d\u00e9marr\u00e9 avec la conduite sur route ouverte \u00e0 bord de <a href=\"https:\/\/www.link2fleet.com\/fr\/fleet-test-bmw-i7-un-cinema-roulant-sans-emissions\/\" target=\"_blank\" rel=\"noopener\">BMW i7<\/a> et BMW iX reli\u00e9es par talkie-walkie avec l\u2019instructeur qui ouvre la route devant nous. Durant tout le trajet, ce dernier nous parle des caract\u00e9ristiques des v\u00e9hicules et des diff\u00e9rents modes de conduite. Le moniteur nous pousse \u00e9galement \u00e0 utiliser le mode de r\u00e9cup\u00e9ration maximale d\u2019\u00e9nergie au freinage quand les conditions s\u2019y pr\u00eatent le mieux. Le but principal n\u2019est pas d\u2019apprendre l\u2019\u00e9coconduite mais de se familiariser avec la conduite \u00e9lectrique.<\/p>\n<figure id=\"attachment_1293054\" aria-describedby=\"caption-attachment-1293054\" style=\"width: 640px\" class=\"wp-caption aligncenter\"><img loading=\"lazy\" decoding=\"async\" class=\"wp-image-1293054 size-large\" src=\"https:\/\/www.link2fleet.com\/wp-content\/uploads\/2023\/05\/BMW-Slipcursus-Rotselaar-20230506-WEB-123-1024x683.jpg\" alt=\"\" width=\"640\" height=\"427\" \/><figcaption id=\"caption-attachment-1293054\" class=\"wp-caption-text\">La configuration de la piste permet de s&rsquo;exercer en toute s\u00e9curit\u00e9.<\/figcaption><\/figure>\n<p>Une fois de retour \u00e0 l\u2019\u00e9cole de conduite Mercator, nous prenons le volant de BMW iX1 pour changer d\u2019atelier. Cette fois, on reste sur terrain priv\u00e9 pour effectuer des freinages d\u2019urgence, de pr\u00e9cision, mais aussi avec \u00e9vitement, le tout sur sur sol mouill\u00e9. Les enseignements ? Malgr\u00e9 son poids plus important, une \u2013 bonne \u2013 voiture \u00e9lectrique ne demande pas plus de distance pour s\u2019arr\u00eater qu\u2019une voiture \u00e0 moteur thermique, notamment gr\u00e2ce au freinage r\u00e9g\u00e9n\u00e9ratif. Aussi, plus on est doux avec son volant, plus les changements de direction seront efficaces. Les mouvements brusques d\u00e9stabilisent fortement une voiture, c\u2019est de la physique pure. \u00c0 \u00e9viter en toutes circonstances, donc.<\/p>\n<p><strong>Vous prendrez bien un peu de drift, pour terminer\u00a0?<\/strong><\/p>\n<p>La derni\u00e8re partie du stage est la plus fun. Pour y prendre part, nous montons \u00e0 bord de <a href=\"https:\/\/www.link2fleet.com\/fr\/essai-bmw-i4-m50-un-autre-monde\/#:~:text=Son%20efficacit%C3%A9%20est%20redoutable%2C%20et,nous%20font%20oublier%20ce%20poids.\" target=\"_blank\" rel=\"noopener\">BMW i4<\/a>. Toujours sur sol mouill\u00e9, avec un asphalte tr\u00e8s glissant \u00e0 l\u2019adh\u00e9rence changeante, l\u2019atelier consiste \u00e0 aborder une courbe \u00e0 environ 30 km\/h et acc\u00e9l\u00e9rer fort en sortie. Dans un premier temps, on constate l\u2019efficacit\u00e9 remarquable des assistances \u00e9lectroniques, notamment avec la <a href=\"https:\/\/www.link2fleet.com\/fr\/essai-bmw-i4-m50-un-autre-monde\/#:~:text=Son%20efficacit%C3%A9%20est%20redoutable%2C%20et,nous%20font%20oublier%20ce%20poids.\" target=\"_blank\" rel=\"noopener\">i4 M50<\/a> forte de 544 chevaux\u00a0! Ensuite, l\u2019instructeur nous invite \u00e0 r\u00e9duire le niveau d\u2019intervention des assistances. D\u2019abord avec le mode \u00ab\u00a0Traction\u00a0\u00bb, avec lequel on peut effectuer des d\u00e9rapages contr\u00f4l\u00e9s sans partir en t\u00eate-\u00e0-queue. Et pour terminer, avec toutes les assistances d\u00e9connect\u00e9es\u00a0: dans ce cas, avec le couple important des moteurs \u00e9lectriques, mieux vaut \u00eatre d\u00e9licat avec l\u2019acc\u00e9l\u00e9rateur car\u2026 \u00e7a devient du sport\u00a0!<\/p>\n<p>En une demi-journ\u00e9e, BMW a r\u00e9ussi \u00e0 rassembler toutes les facettes li\u00e9es au v\u00e9hicule \u00e9lectrique et \u00e0 notre \u00e9poque, \u00e7a compte\u00a0! Pourquoi ne pas y avoir pens\u00e9 plus t\u00f4t\u00a0!?<\/p>\n<figure id=\"attachment_1293056\" aria-describedby=\"caption-attachment-1293056\" style=\"width: 640px\" class=\"wp-caption aligncenter\"><img loading=\"lazy\" decoding=\"async\" class=\"size-large wp-image-1293056\" src=\"https:\/\/www.link2fleet.com\/wp-content\/uploads\/2023\/05\/BMW-Slipcursus-Rotselaar-20230506-WEB-152-1024x683.jpg\" alt=\"\" width=\"640\" height=\"427\" \/><figcaption id=\"caption-attachment-1293056\" class=\"wp-caption-text\">D\u00fb au couple important des moteurs \u00e9lectriques, ce n&rsquo;est pas si facile de contr\u00f4ler la glisse sans assistances \u00e9lectroniques.<\/figcaption><\/figure>\n<blockquote><p><strong>Id\u00e9al pour un team building, entre autres<\/strong><\/p>\n<p>La \u00ab\u00a0BMW i Driving Experience\u00a0\u00bb s\u2019adresse \u00e0 de nombreux profils. Que vous soyez fleet manager ou que vous soyez \u00e0 la recherche d\u2019un team building m\u00ealant (re)d\u00e9couverte et apprentissage de la voiture \u00e9lectrique, ce stage de conduite d\u2019une demi-journ\u00e9e se montre s\u00e9duisant. Il peut m\u00eame se combiner avec un autre stage d\u2019une demi-journ\u00e9e comme la \u00ab\u00a0Compact Training Experience\u00a0\u00bb ou encore la \u00ab\u00a0Drift Experience\u00a0\u00bb.<\/p>\n<p>Tarifs : moins de 200 \u20ac par personne.<\/p>\n<p>R\u00e9servations : via un concessionnaire BMW ou sur <a href=\"https:\/\/www.bmw-form.be\/bmw-driving-experience-fr\" target=\"_blank\" rel=\"noopener\">https:\/\/www.bmw-form.be\/bmw-driving-experience-fr<\/a><\/p><\/blockquote>\n","protected":false},"excerpt":{"rendered":"<p>Comme d\u2019autres marques premium, BMW est connue pour ses \u00ab\u00a0Driving Experience\u00a0\u00bb. Tourn\u00e9es vers la conduite d\u00e9fensive, le drift ou, bien s\u00fbr, le dynamisme et la comp\u00e9tition, la marque innove en proposant cette fois la \u00ab\u00a0BMW i Driving Experience\u00a0\u00bb. Particularit\u00e9\u00a0? Ce stage se concentre int\u00e9gralement sur la voiture 100% \u00e9lectrique. La demi-journ\u00e9e de formation se d\u00e9roule [&hellip;]<\/p>\n","protected":false},"author":18,"featured_media":9539,"comment_status":"closed","ping_status":"closed","sticky":false,"template":"","format":"standard","meta":{"_acf_changed":false,"footnotes":""},"categories":[85,91],"tags":[],"class_list":["post-9538","post","type-post","status-publish","format-standard","has-post-thumbnail","hentry","category-formation-automobile-safety-et-eco-conduite","category-expertise-et-management"],"acf":[],"yoast_head":"<!-- This site is optimized with the Yoast SEO plugin v27.3 - https:\/\/yoast.com\/product\/yoast-seo-wordpress\/ -->\n<title>Formation v\u00e9hicules \u00e9lectriques : nous avons test\u00e9 le nouveau stage BMW ! - link2fleet<\/title>\n<meta name=\"description\" content=\"Dans le secteur fleet encore plus rapidement qu\u2019aupr\u00e8s des particuliers, la voiture \u00e9lectrique va devenir incontournable. \u00c0 tel point que BMW a mis au point\u2026\" \/>\n<meta name=\"robots\" content=\"index, follow, max-snippet:-1, max-image-preview:large, max-video-preview:-1\" \/>\n<meta property=\"og:locale\" content=\"fr_FR\" \/>\n<meta property=\"og:type\" content=\"article\" \/>\n<meta property=\"og:title\" content=\"Formation v\u00e9hicules \u00e9lectriques : nous avons test\u00e9 le nouveau stage BMW ! - link2fleet\" \/>\n<meta property=\"og:description\" content=\"Dans le secteur fleet encore plus rapidement qu\u2019aupr\u00e8s des particuliers, la voiture \u00e9lectrique va devenir incontournable. \u00c0 tel point que BMW a mis au point\u2026\" \/>\n<meta property=\"og:url\" content=\"https:\/\/www.link2fleet.com\/fr\/formation-vehicules-electriques-nous-avons-teste-le-nouveau-stage-bmw\/\" \/>\n<meta property=\"og:site_name\" content=\"link2fleet\" \/>\n<meta property=\"article:published_time\" content=\"2023-05-18T05:40:47+00:00\" \/>\n<meta property=\"og:image\" content=\"https:\/\/static.link2fleet.com\/wp-content\/uploads\/2024\/03\/bmw-slipcursus-rotselaar-20230506-web-152.jpg\" \/>\n\t<meta property=\"og:image:width\" content=\"2100\" \/>\n\t<meta property=\"og:image:height\" content=\"1400\" \/>\n\t<meta property=\"og:image:type\" content=\"image\/jpeg\" \/>\n<meta name=\"author\" content=\"Maxime Pasture\" \/>\n<meta name=\"twitter:card\" content=\"summary_large_image\" \/>\n<meta name=\"twitter:description\" content=\"Dans le secteur fleet encore plus rapidement qu\u2019aupr\u00e8s des particuliers, la voiture \u00e9lectrique va devenir incontournable. \u00c0 tel point que BMW a mis au point\u2026\" \/>\n<meta name=\"twitter:label1\" content=\"\u00c9crit par\" \/>\n\t<meta name=\"twitter:data1\" content=\"Journaliste de formation, Maxime est tr\u00e8s curieux mais surtout passionn\u00e9 d&#039;automobile. Sa curiosit\u00e9 l&#039;am\u00e8ne \u00e0 traiter de sujets divers et vari\u00e9s li\u00e9s \u00e0 la mobilit\u00e9 au sens large et bien plus encore !\" \/>\n\t<meta name=\"twitter:label2\" content=\"Dur\u00e9e de lecture estim\u00e9e\" \/>\n\t<meta name=\"twitter:data2\" content=\"4 minutes\" \/>\n<script type=\"application\/ld+json\" class=\"yoast-schema-graph\">{\"@context\":\"https:\\\/\\\/schema.org\",\"@graph\":[{\"@type\":\"Article\",\"@id\":\"https:\\\/\\\/www.link2fleet.com\\\/fr\\\/formation-vehicules-electriques-nous-avons-teste-le-nouveau-stage-bmw\\\/#article\",\"isPartOf\":{\"@id\":\"https:\\\/\\\/www.link2fleet.com\\\/fr\\\/formation-vehicules-electriques-nous-avons-teste-le-nouveau-stage-bmw\\\/\"},\"author\":{\"name\":\"Maxime Pasture\",\"@id\":\"https:\\\/\\\/www.link2fleet.com\\\/fr\\\/#\\\/schema\\\/person\\\/36f3d48d12a83e110d72b602b5bebc11\"},\"headline\":\"Formation v\u00e9hicules \u00e9lectriques : nous avons test\u00e9 le nouveau stage BMW !\",\"datePublished\":\"2023-05-18T05:40:47+00:00\",\"mainEntityOfPage\":{\"@id\":\"https:\\\/\\\/www.link2fleet.com\\\/fr\\\/formation-vehicules-electriques-nous-avons-teste-le-nouveau-stage-bmw\\\/\"},\"wordCount\":760,\"publisher\":{\"@id\":\"https:\\\/\\\/www.link2fleet.com\\\/fr\\\/#organization\"},\"image\":{\"@id\":\"https:\\\/\\\/www.link2fleet.com\\\/fr\\\/formation-vehicules-electriques-nous-avons-teste-le-nouveau-stage-bmw\\\/#primaryimage\"},\"thumbnailUrl\":\"https:\\\/\\\/static.link2fleet.com\\\/wp-content\\\/uploads\\\/2024\\\/03\\\/bmw-slipcursus-rotselaar-20230506-web-152.jpg\",\"articleSection\":[\"Formations et eco-conduite\",\"Gestion de flotte\"],\"inLanguage\":\"fr-FR\"},{\"@type\":\"WebPage\",\"@id\":\"https:\\\/\\\/www.link2fleet.com\\\/fr\\\/formation-vehicules-electriques-nous-avons-teste-le-nouveau-stage-bmw\\\/\",\"url\":\"https:\\\/\\\/www.link2fleet.com\\\/fr\\\/formation-vehicules-electriques-nous-avons-teste-le-nouveau-stage-bmw\\\/\",\"name\":\"Formation v\u00e9hicules \u00e9lectriques : nous avons test\u00e9 le nouveau stage BMW ! - link2fleet\",\"isPartOf\":{\"@id\":\"https:\\\/\\\/www.link2fleet.com\\\/fr\\\/#website\"},\"primaryImageOfPage\":{\"@id\":\"https:\\\/\\\/www.link2fleet.com\\\/fr\\\/formation-vehicules-electriques-nous-avons-teste-le-nouveau-stage-bmw\\\/#primaryimage\"},\"image\":{\"@id\":\"https:\\\/\\\/www.link2fleet.com\\\/fr\\\/formation-vehicules-electriques-nous-avons-teste-le-nouveau-stage-bmw\\\/#primaryimage\"},\"thumbnailUrl\":\"https:\\\/\\\/static.link2fleet.com\\\/wp-content\\\/uploads\\\/2024\\\/03\\\/bmw-slipcursus-rotselaar-20230506-web-152.jpg\",\"datePublished\":\"2023-05-18T05:40:47+00:00\",\"breadcrumb\":{\"@id\":\"https:\\\/\\\/www.link2fleet.com\\\/fr\\\/formation-vehicules-electriques-nous-avons-teste-le-nouveau-stage-bmw\\\/#breadcrumb\"},\"inLanguage\":\"fr-FR\",\"potentialAction\":[{\"@type\":\"ReadAction\",\"target\":[\"https:\\\/\\\/www.link2fleet.com\\\/fr\\\/formation-vehicules-electriques-nous-avons-teste-le-nouveau-stage-bmw\\\/\"]}]},{\"@type\":\"ImageObject\",\"inLanguage\":\"fr-FR\",\"@id\":\"https:\\\/\\\/www.link2fleet.com\\\/fr\\\/formation-vehicules-electriques-nous-avons-teste-le-nouveau-stage-bmw\\\/#primaryimage\",\"url\":\"https:\\\/\\\/static.link2fleet.com\\\/wp-content\\\/uploads\\\/2024\\\/03\\\/bmw-slipcursus-rotselaar-20230506-web-152.jpg\",\"contentUrl\":\"https:\\\/\\\/static.link2fleet.com\\\/wp-content\\\/uploads\\\/2024\\\/03\\\/bmw-slipcursus-rotselaar-20230506-web-152.jpg\",\"width\":2100,\"height\":1400,\"caption\":\"Door het hoge koppel van de elektromotoren is het niet zo gemakkelijk om de beweging in gang te zetten zonder elektrische hulp.|Korte theoretische cursus van ongeveer 30 minuten.||\"},{\"@type\":\"BreadcrumbList\",\"@id\":\"https:\\\/\\\/www.link2fleet.com\\\/fr\\\/formation-vehicules-electriques-nous-avons-teste-le-nouveau-stage-bmw\\\/#breadcrumb\",\"itemListElement\":[{\"@type\":\"ListItem\",\"position\":1,\"name\":\"Home\",\"item\":\"https:\\\/\\\/www.link2fleet.com\\\/fr\\\/\"},{\"@type\":\"ListItem\",\"position\":2,\"name\":\"Formation v\u00e9hicules \u00e9lectriques : nous avons test\u00e9 le nouveau stage BMW !\"}]},{\"@type\":\"WebSite\",\"@id\":\"https:\\\/\\\/www.link2fleet.com\\\/fr\\\/#website\",\"url\":\"https:\\\/\\\/www.link2fleet.com\\\/fr\\\/\",\"name\":\"Link2fleet\",\"description\":\"\",\"publisher\":{\"@id\":\"https:\\\/\\\/www.link2fleet.com\\\/fr\\\/#organization\"},\"potentialAction\":[{\"@type\":\"SearchAction\",\"target\":{\"@type\":\"EntryPoint\",\"urlTemplate\":\"https:\\\/\\\/www.link2fleet.com\\\/fr\\\/?s={search_term_string}\"},\"query-input\":{\"@type\":\"PropertyValueSpecification\",\"valueRequired\":true,\"valueName\":\"search_term_string\"}}],\"inLanguage\":\"fr-FR\"},{\"@type\":\"Organization\",\"@id\":\"https:\\\/\\\/www.link2fleet.com\\\/fr\\\/#organization\",\"name\":\"Link2fleet\",\"url\":\"https:\\\/\\\/www.link2fleet.com\\\/fr\\\/\",\"logo\":{\"@type\":\"ImageObject\",\"inLanguage\":\"fr-FR\",\"@id\":\"https:\\\/\\\/www.link2fleet.com\\\/fr\\\/#\\\/schema\\\/logo\\\/image\\\/\",\"url\":\"https:\\\/\\\/static.link2fleet.com\\\/wp-content\\\/uploads\\\/2024\\\/03\\\/share-image.jpg\",\"contentUrl\":\"https:\\\/\\\/static.link2fleet.com\\\/wp-content\\\/uploads\\\/2024\\\/03\\\/share-image.jpg\",\"width\":1200,\"height\":630,\"caption\":\"Link2fleet\"},\"image\":{\"@id\":\"https:\\\/\\\/www.link2fleet.com\\\/fr\\\/#\\\/schema\\\/logo\\\/image\\\/\"},\"sameAs\":[\"https:\\\/\\\/www.linkedin.com\\\/company\\\/link2fleet-belgium\",\"https:\\\/\\\/www.youtube.com\\\/user\\\/MMMBMBE\"]},{\"@type\":\"Person\",\"@id\":\"https:\\\/\\\/www.link2fleet.com\\\/fr\\\/#\\\/schema\\\/person\\\/36f3d48d12a83e110d72b602b5bebc11\",\"name\":\"Maxime Pasture\",\"image\":{\"@type\":\"ImageObject\",\"inLanguage\":\"fr-FR\",\"@id\":\"https:\\\/\\\/secure.gravatar.com\\\/avatar\\\/a17c47a11dd3996c69a173e291c692b6a028e82349994bf0d9f60936c9795b9f?s=96&d=mm&r=g\",\"url\":\"https:\\\/\\\/secure.gravatar.com\\\/avatar\\\/a17c47a11dd3996c69a173e291c692b6a028e82349994bf0d9f60936c9795b9f?s=96&d=mm&r=g\",\"contentUrl\":\"https:\\\/\\\/secure.gravatar.com\\\/avatar\\\/a17c47a11dd3996c69a173e291c692b6a028e82349994bf0d9f60936c9795b9f?s=96&d=mm&r=g\",\"caption\":\"Maxime Pasture\"},\"description\":\"Journaliste de formation, Maxime est tr\u00e8s curieux mais surtout passionn\u00e9 d'automobile. Sa curiosit\u00e9 l'am\u00e8ne \u00e0 traiter de sujets divers et vari\u00e9s li\u00e9s \u00e0 la mobilit\u00e9 au sens large et bien plus encore !\"}]}<\/script>\n<!-- \/ Yoast SEO plugin. -->","yoast_head_json":{"title":"Formation v\u00e9hicules \u00e9lectriques : nous avons test\u00e9 le nouveau stage BMW ! - link2fleet","description":"Dans le secteur fleet encore plus rapidement qu\u2019aupr\u00e8s des particuliers, la voiture \u00e9lectrique va devenir incontournable. \u00c0 tel point que BMW a mis au point\u2026","robots":{"index":"index","follow":"follow","max-snippet":"max-snippet:-1","max-image-preview":"max-image-preview:large","max-video-preview":"max-video-preview:-1"},"og_locale":"fr_FR","og_type":"article","og_title":"Formation v\u00e9hicules \u00e9lectriques : nous avons test\u00e9 le nouveau stage BMW ! - link2fleet","og_description":"Dans le secteur fleet encore plus rapidement qu\u2019aupr\u00e8s des particuliers, la voiture \u00e9lectrique va devenir incontournable. \u00c0 tel point que BMW a mis au point\u2026","og_url":"https:\/\/www.link2fleet.com\/fr\/formation-vehicules-electriques-nous-avons-teste-le-nouveau-stage-bmw\/","og_site_name":"link2fleet","article_published_time":"2023-05-18T05:40:47+00:00","og_image":[{"width":2100,"height":1400,"url":"https:\/\/static.link2fleet.com\/wp-content\/uploads\/2024\/03\/bmw-slipcursus-rotselaar-20230506-web-152.jpg","type":"image\/jpeg"}],"author":"Maxime Pasture","twitter_card":"summary_large_image","twitter_description":"Dans le secteur fleet encore plus rapidement qu\u2019aupr\u00e8s des particuliers, la voiture \u00e9lectrique va devenir incontournable. \u00c0 tel point que BMW a mis au point\u2026","twitter_misc":{"\u00c9crit par":"Journaliste de formation, Maxime est tr\u00e8s curieux mais surtout passionn\u00e9 d'automobile. Sa curiosit\u00e9 l'am\u00e8ne \u00e0 traiter de sujets divers et vari\u00e9s li\u00e9s \u00e0 la mobilit\u00e9 au sens large et bien plus encore !","Dur\u00e9e de lecture estim\u00e9e":"4 minutes"},"schema":{"@context":"https:\/\/schema.org","@graph":[{"@type":"Article","@id":"https:\/\/www.link2fleet.com\/fr\/formation-vehicules-electriques-nous-avons-teste-le-nouveau-stage-bmw\/#article","isPartOf":{"@id":"https:\/\/www.link2fleet.com\/fr\/formation-vehicules-electriques-nous-avons-teste-le-nouveau-stage-bmw\/"},"author":{"name":"Maxime Pasture","@id":"https:\/\/www.link2fleet.com\/fr\/#\/schema\/person\/36f3d48d12a83e110d72b602b5bebc11"},"headline":"Formation v\u00e9hicules \u00e9lectriques : nous avons test\u00e9 le nouveau stage BMW !","datePublished":"2023-05-18T05:40:47+00:00","mainEntityOfPage":{"@id":"https:\/\/www.link2fleet.com\/fr\/formation-vehicules-electriques-nous-avons-teste-le-nouveau-stage-bmw\/"},"wordCount":760,"publisher":{"@id":"https:\/\/www.link2fleet.com\/fr\/#organization"},"image":{"@id":"https:\/\/www.link2fleet.com\/fr\/formation-vehicules-electriques-nous-avons-teste-le-nouveau-stage-bmw\/#primaryimage"},"thumbnailUrl":"https:\/\/static.link2fleet.com\/wp-content\/uploads\/2024\/03\/bmw-slipcursus-rotselaar-20230506-web-152.jpg","articleSection":["Formations et eco-conduite","Gestion de flotte"],"inLanguage":"fr-FR"},{"@type":"WebPage","@id":"https:\/\/www.link2fleet.com\/fr\/formation-vehicules-electriques-nous-avons-teste-le-nouveau-stage-bmw\/","url":"https:\/\/www.link2fleet.com\/fr\/formation-vehicules-electriques-nous-avons-teste-le-nouveau-stage-bmw\/","name":"Formation v\u00e9hicules \u00e9lectriques : nous avons test\u00e9 le nouveau stage BMW ! - link2fleet","isPartOf":{"@id":"https:\/\/www.link2fleet.com\/fr\/#website"},"primaryImageOfPage":{"@id":"https:\/\/www.link2fleet.com\/fr\/formation-vehicules-electriques-nous-avons-teste-le-nouveau-stage-bmw\/#primaryimage"},"image":{"@id":"https:\/\/www.link2fleet.com\/fr\/formation-vehicules-electriques-nous-avons-teste-le-nouveau-stage-bmw\/#primaryimage"},"thumbnailUrl":"https:\/\/static.link2fleet.com\/wp-content\/uploads\/2024\/03\/bmw-slipcursus-rotselaar-20230506-web-152.jpg","datePublished":"2023-05-18T05:40:47+00:00","breadcrumb":{"@id":"https:\/\/www.link2fleet.com\/fr\/formation-vehicules-electriques-nous-avons-teste-le-nouveau-stage-bmw\/#breadcrumb"},"inLanguage":"fr-FR","potentialAction":[{"@type":"ReadAction","target":["https:\/\/www.link2fleet.com\/fr\/formation-vehicules-electriques-nous-avons-teste-le-nouveau-stage-bmw\/"]}]},{"@type":"ImageObject","inLanguage":"fr-FR","@id":"https:\/\/www.link2fleet.com\/fr\/formation-vehicules-electriques-nous-avons-teste-le-nouveau-stage-bmw\/#primaryimage","url":"https:\/\/static.link2fleet.com\/wp-content\/uploads\/2024\/03\/bmw-slipcursus-rotselaar-20230506-web-152.jpg","contentUrl":"https:\/\/static.link2fleet.com\/wp-content\/uploads\/2024\/03\/bmw-slipcursus-rotselaar-20230506-web-152.jpg","width":2100,"height":1400,"caption":"Door het hoge koppel van de elektromotoren is het niet zo gemakkelijk om de beweging in gang te zetten zonder elektrische hulp.|Korte theoretische cursus van ongeveer 30 minuten.||"},{"@type":"BreadcrumbList","@id":"https:\/\/www.link2fleet.com\/fr\/formation-vehicules-electriques-nous-avons-teste-le-nouveau-stage-bmw\/#breadcrumb","itemListElement":[{"@type":"ListItem","position":1,"name":"Home","item":"https:\/\/www.link2fleet.com\/fr\/"},{"@type":"ListItem","position":2,"name":"Formation v\u00e9hicules \u00e9lectriques : nous avons test\u00e9 le nouveau stage BMW !"}]},{"@type":"WebSite","@id":"https:\/\/www.link2fleet.com\/fr\/#website","url":"https:\/\/www.link2fleet.com\/fr\/","name":"Link2fleet","description":"","publisher":{"@id":"https:\/\/www.link2fleet.com\/fr\/#organization"},"potentialAction":[{"@type":"SearchAction","target":{"@type":"EntryPoint","urlTemplate":"https:\/\/www.link2fleet.com\/fr\/?s={search_term_string}"},"query-input":{"@type":"PropertyValueSpecification","valueRequired":true,"valueName":"search_term_string"}}],"inLanguage":"fr-FR"},{"@type":"Organization","@id":"https:\/\/www.link2fleet.com\/fr\/#organization","name":"Link2fleet","url":"https:\/\/www.link2fleet.com\/fr\/","logo":{"@type":"ImageObject","inLanguage":"fr-FR","@id":"https:\/\/www.link2fleet.com\/fr\/#\/schema\/logo\/image\/","url":"https:\/\/static.link2fleet.com\/wp-content\/uploads\/2024\/03\/share-image.jpg","contentUrl":"https:\/\/static.link2fleet.com\/wp-content\/uploads\/2024\/03\/share-image.jpg","width":1200,"height":630,"caption":"Link2fleet"},"image":{"@id":"https:\/\/www.link2fleet.com\/fr\/#\/schema\/logo\/image\/"},"sameAs":["https:\/\/www.linkedin.com\/company\/link2fleet-belgium","https:\/\/www.youtube.com\/user\/MMMBMBE"]},{"@type":"Person","@id":"https:\/\/www.link2fleet.com\/fr\/#\/schema\/person\/36f3d48d12a83e110d72b602b5bebc11","name":"Maxime Pasture","image":{"@type":"ImageObject","inLanguage":"fr-FR","@id":"https:\/\/secure.gravatar.com\/avatar\/a17c47a11dd3996c69a173e291c692b6a028e82349994bf0d9f60936c9795b9f?s=96&d=mm&r=g","url":"https:\/\/secure.gravatar.com\/avatar\/a17c47a11dd3996c69a173e291c692b6a028e82349994bf0d9f60936c9795b9f?s=96&d=mm&r=g","contentUrl":"https:\/\/secure.gravatar.com\/avatar\/a17c47a11dd3996c69a173e291c692b6a028e82349994bf0d9f60936c9795b9f?s=96&d=mm&r=g","caption":"Maxime Pasture"},"description":"Journaliste de formation, Maxime est tr\u00e8s curieux mais surtout passionn\u00e9 d'automobile. Sa curiosit\u00e9 l'am\u00e8ne \u00e0 traiter de sujets divers et vari\u00e9s li\u00e9s \u00e0 la mobilit\u00e9 au sens large et bien plus encore !"}]}},"_links":{"self":[{"href":"https:\/\/www.link2fleet.com\/fr\/wp-json\/wp\/v2\/posts\/9538","targetHints":{"allow":["GET"]}}],"collection":[{"href":"https:\/\/www.link2fleet.com\/fr\/wp-json\/wp\/v2\/posts"}],"about":[{"href":"https:\/\/www.link2fleet.com\/fr\/wp-json\/wp\/v2\/types\/post"}],"author":[{"embeddable":true,"href":"https:\/\/www.link2fleet.com\/fr\/wp-json\/wp\/v2\/users\/18"}],"replies":[{"embeddable":true,"href":"https:\/\/www.link2fleet.com\/fr\/wp-json\/wp\/v2\/comments?post=9538"}],"version-history":[{"count":0,"href":"https:\/\/www.link2fleet.com\/fr\/wp-json\/wp\/v2\/posts\/9538\/revisions"}],"wp:featuredmedia":[{"embeddable":true,"href":"https:\/\/www.link2fleet.com\/fr\/wp-json\/wp\/v2\/media\/9539"}],"wp:attachment":[{"href":"https:\/\/www.link2fleet.com\/fr\/wp-json\/wp\/v2\/media?parent=9538"}],"wp:term":[{"taxonomy":"category","embeddable":true,"href":"https:\/\/www.link2fleet.com\/fr\/wp-json\/wp\/v2\/categories?post=9538"},{"taxonomy":"post_tag","embeddable":true,"href":"https:\/\/www.link2fleet.com\/fr\/wp-json\/wp\/v2\/tags?post=9538"}],"curies":[{"name":"wp","href":"https:\/\/api.w.org\/{rel}","templated":true}]}}