{"id":9613,"date":"2023-05-31T12:02:49","date_gmt":"2023-05-31T10:02:49","guid":{"rendered":"https:\/\/www.link2fleet.com\/fiat-devoile-sa-topolino-une-microcar-electrique-pour-les-centres-urbains\/"},"modified":"2023-05-31T12:02:49","modified_gmt":"2023-05-31T10:02:49","slug":"fiat-devoile-sa-topolino-une-microcar-electrique-pour-les-centres-urbains","status":"publish","type":"post","link":"https:\/\/www.link2fleet.com\/fr\/fiat-devoile-sa-topolino-une-microcar-electrique-pour-les-centres-urbains\/","title":{"rendered":"Fiat d\u00e9voile sa Topolino, une microcar \u00e9lectrique pour les centres urbains"},"content":{"rendered":"<p>Topolino, c&rsquo;est le nom de Mickey Mouse en Italie, mais c&rsquo;\u00e9tait surtout le surnom donn\u00e9 \u00e0 la Fiat 500 de premi\u00e8re g\u00e9n\u00e9ration (1936 &#8211; 1955) en r\u00e9f\u00e9rence \u00e0 son faci\u00e8s qui \u00e9voquait celui d&rsquo;une petite souris. Un nom qui n&rsquo;a pas \u00e9t\u00e9 choisi au hasard puisque la 500 avait ouvert la voie \u00e0 la mobilit\u00e9 urbaine \u00e0 l&rsquo;\u00e9poque, alors que la nouvelle venue a pour mission d&rsquo;ouvrir la voie \u00e0 la mobilit\u00e9 urbaine \u00e9lectrique.<\/p>\n<p>En r\u00e9alit\u00e9, cette Topolino n&rsquo;est pas vraiment un produit Fiat \u00e0 100% puisqu&rsquo;il s&rsquo;agit en fait d&rsquo;une Citro\u00ebn Ami enti\u00e8rement recarross\u00e9e dans un style qui \u00e9voque aussi la mythique 500 et la dolce vita ch\u00e8re \u00e0 Fiat.<\/p>\n<p>On ne conna\u00eet pas encore les d\u00e9tails techniques de ce quadricycle, mais on suppose qu&rsquo;il h\u00e9ritera de la motorisation de l&rsquo;Ami. Une chose est en tout cas certaine: le march\u00e9 des microcars est clairement un march\u00e9 sur lequel les constructeurs veulent miser \u00e0 l&rsquo;avenir pour faciliter les d\u00e9placements neutres en carbone dans les centres urbains.<\/p>\n","protected":false},"excerpt":{"rendered":"<p>Topolino, c&rsquo;est le nom de Mickey Mouse en Italie, mais c&rsquo;\u00e9tait surtout le surnom donn\u00e9 \u00e0 la Fiat 500 de premi\u00e8re g\u00e9n\u00e9ration (1936 &#8211; 1955) en r\u00e9f\u00e9rence \u00e0 son faci\u00e8s qui \u00e9voquait celui d&rsquo;une petite souris. Un nom qui n&rsquo;a pas \u00e9t\u00e9 choisi au hasard puisque la 500 avait ouvert la voie \u00e0 la mobilit\u00e9 [&hellip;]<\/p>\n","protected":false},"author":4,"featured_media":9614,"comment_status":"closed","ping_status":"closed","sticky":false,"template":"","format":"standard","meta":{"_acf_changed":false,"footnotes":""},"categories":[77,76],"tags":[],"class_list":["post-9613","post","type-post","status-publish","format-standard","has-post-thumbnail","hentry","category-importateurs-et-constructeurs-automobiles-vp","category-car"],"acf":[],"yoast_head":"<!-- This site is optimized with the Yoast SEO plugin v27.3 - https:\/\/yoast.com\/product\/yoast-seo-wordpress\/ -->\n<title>Fiat d\u00e9voile sa Topolino, une microcar \u00e9lectrique pour les centres urbains - link2fleet<\/title>\n<meta name=\"description\" content=\"Si la petite Citro\u00ebn Ami avait d\u00e9j\u00e0 \u00e9t\u00e9 dupliqu\u00e9e au sein de la gamme Opel avec la Rocks-e (non distribu\u00e9e chez nous), voil\u00e0 que Fiat\u2026\" \/>\n<meta name=\"robots\" content=\"index, follow, max-snippet:-1, max-image-preview:large, max-video-preview:-1\" \/>\n<meta property=\"og:locale\" content=\"fr_FR\" \/>\n<meta property=\"og:type\" content=\"article\" \/>\n<meta property=\"og:title\" content=\"Fiat d\u00e9voile sa Topolino, une microcar \u00e9lectrique pour les centres urbains - link2fleet\" \/>\n<meta property=\"og:description\" content=\"Si la petite Citro\u00ebn Ami avait d\u00e9j\u00e0 \u00e9t\u00e9 dupliqu\u00e9e au sein de la gamme Opel avec la Rocks-e (non distribu\u00e9e chez nous), voil\u00e0 que Fiat\u2026\" \/>\n<meta property=\"og:url\" content=\"https:\/\/www.link2fleet.com\/fr\/fiat-devoile-sa-topolino-une-microcar-electrique-pour-les-centres-urbains\/\" \/>\n<meta property=\"og:site_name\" content=\"link2fleet\" \/>\n<meta property=\"article:published_time\" content=\"2023-05-31T10:02:49+00:00\" \/>\n<meta property=\"og:image\" content=\"https:\/\/static.link2fleet.com\/wp-content\/uploads\/2024\/03\/hp-fiat-topolino-scaled-1.jpeg\" \/>\n\t<meta property=\"og:image:width\" content=\"2560\" \/>\n\t<meta property=\"og:image:height\" content=\"1707\" \/>\n\t<meta property=\"og:image:type\" content=\"image\/jpeg\" \/>\n<meta name=\"author\" content=\"Damien Malvetti\" \/>\n<meta name=\"twitter:card\" content=\"summary_large_image\" \/>\n<meta name=\"twitter:description\" content=\"Si la petite Citro\u00ebn Ami avait d\u00e9j\u00e0 \u00e9t\u00e9 dupliqu\u00e9e au sein de la gamme Opel avec la Rocks-e (non distribu\u00e9e chez nous), voil\u00e0 que Fiat\u2026\" \/>\n<meta name=\"twitter:label1\" content=\"\u00c9crit par\" \/>\n\t<meta name=\"twitter:data1\" content=\"Damien Malvetti\" \/>\n\t<meta name=\"twitter:label2\" content=\"Dur\u00e9e de lecture estim\u00e9e\" \/>\n\t<meta name=\"twitter:data2\" content=\"1 minute\" \/>\n<script type=\"application\/ld+json\" class=\"yoast-schema-graph\">{\"@context\":\"https:\\\/\\\/schema.org\",\"@graph\":[{\"@type\":\"Article\",\"@id\":\"https:\\\/\\\/www.link2fleet.com\\\/fr\\\/fiat-devoile-sa-topolino-une-microcar-electrique-pour-les-centres-urbains\\\/#article\",\"isPartOf\":{\"@id\":\"https:\\\/\\\/www.link2fleet.com\\\/fr\\\/fiat-devoile-sa-topolino-une-microcar-electrique-pour-les-centres-urbains\\\/\"},\"author\":{\"name\":\"Damien Malvetti\",\"@id\":\"https:\\\/\\\/www.link2fleet.com\\\/fr\\\/#\\\/schema\\\/person\\\/027cd46113c78036b3809c9a054049da\"},\"headline\":\"Fiat d\u00e9voile sa Topolino, une microcar \u00e9lectrique pour les centres urbains\",\"datePublished\":\"2023-05-31T10:02:49+00:00\",\"mainEntityOfPage\":{\"@id\":\"https:\\\/\\\/www.link2fleet.com\\\/fr\\\/fiat-devoile-sa-topolino-une-microcar-electrique-pour-les-centres-urbains\\\/\"},\"wordCount\":192,\"publisher\":{\"@id\":\"https:\\\/\\\/www.link2fleet.com\\\/fr\\\/#organization\"},\"image\":{\"@id\":\"https:\\\/\\\/www.link2fleet.com\\\/fr\\\/fiat-devoile-sa-topolino-une-microcar-electrique-pour-les-centres-urbains\\\/#primaryimage\"},\"thumbnailUrl\":\"https:\\\/\\\/static.link2fleet.com\\\/wp-content\\\/uploads\\\/2024\\\/03\\\/hp-fiat-topolino-scaled-1.jpeg\",\"articleSection\":[\"Importateurs et constructeurs\",\"V\u00e9hicules\"],\"inLanguage\":\"fr-FR\"},{\"@type\":\"WebPage\",\"@id\":\"https:\\\/\\\/www.link2fleet.com\\\/fr\\\/fiat-devoile-sa-topolino-une-microcar-electrique-pour-les-centres-urbains\\\/\",\"url\":\"https:\\\/\\\/www.link2fleet.com\\\/fr\\\/fiat-devoile-sa-topolino-une-microcar-electrique-pour-les-centres-urbains\\\/\",\"name\":\"Fiat d\u00e9voile sa Topolino, une microcar \u00e9lectrique pour les centres urbains - link2fleet\",\"isPartOf\":{\"@id\":\"https:\\\/\\\/www.link2fleet.com\\\/fr\\\/#website\"},\"primaryImageOfPage\":{\"@id\":\"https:\\\/\\\/www.link2fleet.com\\\/fr\\\/fiat-devoile-sa-topolino-une-microcar-electrique-pour-les-centres-urbains\\\/#primaryimage\"},\"image\":{\"@id\":\"https:\\\/\\\/www.link2fleet.com\\\/fr\\\/fiat-devoile-sa-topolino-une-microcar-electrique-pour-les-centres-urbains\\\/#primaryimage\"},\"thumbnailUrl\":\"https:\\\/\\\/static.link2fleet.com\\\/wp-content\\\/uploads\\\/2024\\\/03\\\/hp-fiat-topolino-scaled-1.jpeg\",\"datePublished\":\"2023-05-31T10:02:49+00:00\",\"breadcrumb\":{\"@id\":\"https:\\\/\\\/www.link2fleet.com\\\/fr\\\/fiat-devoile-sa-topolino-une-microcar-electrique-pour-les-centres-urbains\\\/#breadcrumb\"},\"inLanguage\":\"fr-FR\",\"potentialAction\":[{\"@type\":\"ReadAction\",\"target\":[\"https:\\\/\\\/www.link2fleet.com\\\/fr\\\/fiat-devoile-sa-topolino-une-microcar-electrique-pour-les-centres-urbains\\\/\"]}]},{\"@type\":\"ImageObject\",\"inLanguage\":\"fr-FR\",\"@id\":\"https:\\\/\\\/www.link2fleet.com\\\/fr\\\/fiat-devoile-sa-topolino-une-microcar-electrique-pour-les-centres-urbains\\\/#primaryimage\",\"url\":\"https:\\\/\\\/static.link2fleet.com\\\/wp-content\\\/uploads\\\/2024\\\/03\\\/hp-fiat-topolino-scaled-1.jpeg\",\"contentUrl\":\"https:\\\/\\\/static.link2fleet.com\\\/wp-content\\\/uploads\\\/2024\\\/03\\\/hp-fiat-topolino-scaled-1.jpeg\",\"width\":2560,\"height\":1707},{\"@type\":\"BreadcrumbList\",\"@id\":\"https:\\\/\\\/www.link2fleet.com\\\/fr\\\/fiat-devoile-sa-topolino-une-microcar-electrique-pour-les-centres-urbains\\\/#breadcrumb\",\"itemListElement\":[{\"@type\":\"ListItem\",\"position\":1,\"name\":\"Home\",\"item\":\"https:\\\/\\\/www.link2fleet.com\\\/fr\\\/\"},{\"@type\":\"ListItem\",\"position\":2,\"name\":\"Fiat d\u00e9voile sa Topolino, une microcar \u00e9lectrique pour les centres urbains\"}]},{\"@type\":\"WebSite\",\"@id\":\"https:\\\/\\\/www.link2fleet.com\\\/fr\\\/#website\",\"url\":\"https:\\\/\\\/www.link2fleet.com\\\/fr\\\/\",\"name\":\"Link2fleet\",\"description\":\"\",\"publisher\":{\"@id\":\"https:\\\/\\\/www.link2fleet.com\\\/fr\\\/#organization\"},\"potentialAction\":[{\"@type\":\"SearchAction\",\"target\":{\"@type\":\"EntryPoint\",\"urlTemplate\":\"https:\\\/\\\/www.link2fleet.com\\\/fr\\\/?s={search_term_string}\"},\"query-input\":{\"@type\":\"PropertyValueSpecification\",\"valueRequired\":true,\"valueName\":\"search_term_string\"}}],\"inLanguage\":\"fr-FR\"},{\"@type\":\"Organization\",\"@id\":\"https:\\\/\\\/www.link2fleet.com\\\/fr\\\/#organization\",\"name\":\"Link2fleet\",\"url\":\"https:\\\/\\\/www.link2fleet.com\\\/fr\\\/\",\"logo\":{\"@type\":\"ImageObject\",\"inLanguage\":\"fr-FR\",\"@id\":\"https:\\\/\\\/www.link2fleet.com\\\/fr\\\/#\\\/schema\\\/logo\\\/image\\\/\",\"url\":\"https:\\\/\\\/static.link2fleet.com\\\/wp-content\\\/uploads\\\/2024\\\/03\\\/share-image.jpg\",\"contentUrl\":\"https:\\\/\\\/static.link2fleet.com\\\/wp-content\\\/uploads\\\/2024\\\/03\\\/share-image.jpg\",\"width\":1200,\"height\":630,\"caption\":\"Link2fleet\"},\"image\":{\"@id\":\"https:\\\/\\\/www.link2fleet.com\\\/fr\\\/#\\\/schema\\\/logo\\\/image\\\/\"},\"sameAs\":[\"https:\\\/\\\/www.linkedin.com\\\/company\\\/link2fleet-belgium\",\"https:\\\/\\\/www.youtube.com\\\/user\\\/MMMBMBE\"]},{\"@type\":\"Person\",\"@id\":\"https:\\\/\\\/www.link2fleet.com\\\/fr\\\/#\\\/schema\\\/person\\\/027cd46113c78036b3809c9a054049da\",\"name\":\"Damien Malvetti\",\"image\":{\"@type\":\"ImageObject\",\"inLanguage\":\"fr-FR\",\"@id\":\"https:\\\/\\\/secure.gravatar.com\\\/avatar\\\/dd8cc03b49466c735f753ac37f8caa371af16dfed347456ed61f02883255eebb?s=96&d=mm&r=g\",\"url\":\"https:\\\/\\\/secure.gravatar.com\\\/avatar\\\/dd8cc03b49466c735f753ac37f8caa371af16dfed347456ed61f02883255eebb?s=96&d=mm&r=g\",\"contentUrl\":\"https:\\\/\\\/secure.gravatar.com\\\/avatar\\\/dd8cc03b49466c735f753ac37f8caa371af16dfed347456ed61f02883255eebb?s=96&d=mm&r=g\",\"caption\":\"Damien Malvetti\"},\"description\":\"Damien Malvetti is opgeleid als journalist en gepassioneerd door wagens, technologie en mobiliteit. Hij is verantwoordelijk voor de redactionele inhoud van link2fleet en beschikt over een uitgebreide kennis van de fleet-sector en elektrische mobiliteit.\",\"sameAs\":[\"https:\\\/\\\/www.linkedin.com\\\/in\\\/damien-malvetti-56601142\\\/\"]}]}<\/script>\n<!-- \/ Yoast SEO plugin. -->","yoast_head_json":{"title":"Fiat d\u00e9voile sa Topolino, une microcar \u00e9lectrique pour les centres urbains - link2fleet","description":"Si la petite Citro\u00ebn Ami avait d\u00e9j\u00e0 \u00e9t\u00e9 dupliqu\u00e9e au sein de la gamme Opel avec la Rocks-e (non distribu\u00e9e chez nous), voil\u00e0 que Fiat\u2026","robots":{"index":"index","follow":"follow","max-snippet":"max-snippet:-1","max-image-preview":"max-image-preview:large","max-video-preview":"max-video-preview:-1"},"og_locale":"fr_FR","og_type":"article","og_title":"Fiat d\u00e9voile sa Topolino, une microcar \u00e9lectrique pour les centres urbains - link2fleet","og_description":"Si la petite Citro\u00ebn Ami avait d\u00e9j\u00e0 \u00e9t\u00e9 dupliqu\u00e9e au sein de la gamme Opel avec la Rocks-e (non distribu\u00e9e chez nous), voil\u00e0 que Fiat\u2026","og_url":"https:\/\/www.link2fleet.com\/fr\/fiat-devoile-sa-topolino-une-microcar-electrique-pour-les-centres-urbains\/","og_site_name":"link2fleet","article_published_time":"2023-05-31T10:02:49+00:00","og_image":[{"width":2560,"height":1707,"url":"https:\/\/static.link2fleet.com\/wp-content\/uploads\/2024\/03\/hp-fiat-topolino-scaled-1.jpeg","type":"image\/jpeg"}],"author":"Damien Malvetti","twitter_card":"summary_large_image","twitter_description":"Si la petite Citro\u00ebn Ami avait d\u00e9j\u00e0 \u00e9t\u00e9 dupliqu\u00e9e au sein de la gamme Opel avec la Rocks-e (non distribu\u00e9e chez nous), voil\u00e0 que Fiat\u2026","twitter_misc":{"\u00c9crit par":"Damien Malvetti","Dur\u00e9e de lecture estim\u00e9e":"1 minute"},"schema":{"@context":"https:\/\/schema.org","@graph":[{"@type":"Article","@id":"https:\/\/www.link2fleet.com\/fr\/fiat-devoile-sa-topolino-une-microcar-electrique-pour-les-centres-urbains\/#article","isPartOf":{"@id":"https:\/\/www.link2fleet.com\/fr\/fiat-devoile-sa-topolino-une-microcar-electrique-pour-les-centres-urbains\/"},"author":{"name":"Damien Malvetti","@id":"https:\/\/www.link2fleet.com\/fr\/#\/schema\/person\/027cd46113c78036b3809c9a054049da"},"headline":"Fiat d\u00e9voile sa Topolino, une microcar \u00e9lectrique pour les centres urbains","datePublished":"2023-05-31T10:02:49+00:00","mainEntityOfPage":{"@id":"https:\/\/www.link2fleet.com\/fr\/fiat-devoile-sa-topolino-une-microcar-electrique-pour-les-centres-urbains\/"},"wordCount":192,"publisher":{"@id":"https:\/\/www.link2fleet.com\/fr\/#organization"},"image":{"@id":"https:\/\/www.link2fleet.com\/fr\/fiat-devoile-sa-topolino-une-microcar-electrique-pour-les-centres-urbains\/#primaryimage"},"thumbnailUrl":"https:\/\/static.link2fleet.com\/wp-content\/uploads\/2024\/03\/hp-fiat-topolino-scaled-1.jpeg","articleSection":["Importateurs et constructeurs","V\u00e9hicules"],"inLanguage":"fr-FR"},{"@type":"WebPage","@id":"https:\/\/www.link2fleet.com\/fr\/fiat-devoile-sa-topolino-une-microcar-electrique-pour-les-centres-urbains\/","url":"https:\/\/www.link2fleet.com\/fr\/fiat-devoile-sa-topolino-une-microcar-electrique-pour-les-centres-urbains\/","name":"Fiat d\u00e9voile sa Topolino, une microcar \u00e9lectrique pour les centres urbains - link2fleet","isPartOf":{"@id":"https:\/\/www.link2fleet.com\/fr\/#website"},"primaryImageOfPage":{"@id":"https:\/\/www.link2fleet.com\/fr\/fiat-devoile-sa-topolino-une-microcar-electrique-pour-les-centres-urbains\/#primaryimage"},"image":{"@id":"https:\/\/www.link2fleet.com\/fr\/fiat-devoile-sa-topolino-une-microcar-electrique-pour-les-centres-urbains\/#primaryimage"},"thumbnailUrl":"https:\/\/static.link2fleet.com\/wp-content\/uploads\/2024\/03\/hp-fiat-topolino-scaled-1.jpeg","datePublished":"2023-05-31T10:02:49+00:00","breadcrumb":{"@id":"https:\/\/www.link2fleet.com\/fr\/fiat-devoile-sa-topolino-une-microcar-electrique-pour-les-centres-urbains\/#breadcrumb"},"inLanguage":"fr-FR","potentialAction":[{"@type":"ReadAction","target":["https:\/\/www.link2fleet.com\/fr\/fiat-devoile-sa-topolino-une-microcar-electrique-pour-les-centres-urbains\/"]}]},{"@type":"ImageObject","inLanguage":"fr-FR","@id":"https:\/\/www.link2fleet.com\/fr\/fiat-devoile-sa-topolino-une-microcar-electrique-pour-les-centres-urbains\/#primaryimage","url":"https:\/\/static.link2fleet.com\/wp-content\/uploads\/2024\/03\/hp-fiat-topolino-scaled-1.jpeg","contentUrl":"https:\/\/static.link2fleet.com\/wp-content\/uploads\/2024\/03\/hp-fiat-topolino-scaled-1.jpeg","width":2560,"height":1707},{"@type":"BreadcrumbList","@id":"https:\/\/www.link2fleet.com\/fr\/fiat-devoile-sa-topolino-une-microcar-electrique-pour-les-centres-urbains\/#breadcrumb","itemListElement":[{"@type":"ListItem","position":1,"name":"Home","item":"https:\/\/www.link2fleet.com\/fr\/"},{"@type":"ListItem","position":2,"name":"Fiat d\u00e9voile sa Topolino, une microcar \u00e9lectrique pour les centres urbains"}]},{"@type":"WebSite","@id":"https:\/\/www.link2fleet.com\/fr\/#website","url":"https:\/\/www.link2fleet.com\/fr\/","name":"Link2fleet","description":"","publisher":{"@id":"https:\/\/www.link2fleet.com\/fr\/#organization"},"potentialAction":[{"@type":"SearchAction","target":{"@type":"EntryPoint","urlTemplate":"https:\/\/www.link2fleet.com\/fr\/?s={search_term_string}"},"query-input":{"@type":"PropertyValueSpecification","valueRequired":true,"valueName":"search_term_string"}}],"inLanguage":"fr-FR"},{"@type":"Organization","@id":"https:\/\/www.link2fleet.com\/fr\/#organization","name":"Link2fleet","url":"https:\/\/www.link2fleet.com\/fr\/","logo":{"@type":"ImageObject","inLanguage":"fr-FR","@id":"https:\/\/www.link2fleet.com\/fr\/#\/schema\/logo\/image\/","url":"https:\/\/static.link2fleet.com\/wp-content\/uploads\/2024\/03\/share-image.jpg","contentUrl":"https:\/\/static.link2fleet.com\/wp-content\/uploads\/2024\/03\/share-image.jpg","width":1200,"height":630,"caption":"Link2fleet"},"image":{"@id":"https:\/\/www.link2fleet.com\/fr\/#\/schema\/logo\/image\/"},"sameAs":["https:\/\/www.linkedin.com\/company\/link2fleet-belgium","https:\/\/www.youtube.com\/user\/MMMBMBE"]},{"@type":"Person","@id":"https:\/\/www.link2fleet.com\/fr\/#\/schema\/person\/027cd46113c78036b3809c9a054049da","name":"Damien Malvetti","image":{"@type":"ImageObject","inLanguage":"fr-FR","@id":"https:\/\/secure.gravatar.com\/avatar\/dd8cc03b49466c735f753ac37f8caa371af16dfed347456ed61f02883255eebb?s=96&d=mm&r=g","url":"https:\/\/secure.gravatar.com\/avatar\/dd8cc03b49466c735f753ac37f8caa371af16dfed347456ed61f02883255eebb?s=96&d=mm&r=g","contentUrl":"https:\/\/secure.gravatar.com\/avatar\/dd8cc03b49466c735f753ac37f8caa371af16dfed347456ed61f02883255eebb?s=96&d=mm&r=g","caption":"Damien Malvetti"},"description":"Damien Malvetti is opgeleid als journalist en gepassioneerd door wagens, technologie en mobiliteit. Hij is verantwoordelijk voor de redactionele inhoud van link2fleet en beschikt over een uitgebreide kennis van de fleet-sector en elektrische mobiliteit.","sameAs":["https:\/\/www.linkedin.com\/in\/damien-malvetti-56601142\/"]}]}},"_links":{"self":[{"href":"https:\/\/www.link2fleet.com\/fr\/wp-json\/wp\/v2\/posts\/9613","targetHints":{"allow":["GET"]}}],"collection":[{"href":"https:\/\/www.link2fleet.com\/fr\/wp-json\/wp\/v2\/posts"}],"about":[{"href":"https:\/\/www.link2fleet.com\/fr\/wp-json\/wp\/v2\/types\/post"}],"author":[{"embeddable":true,"href":"https:\/\/www.link2fleet.com\/fr\/wp-json\/wp\/v2\/users\/4"}],"replies":[{"embeddable":true,"href":"https:\/\/www.link2fleet.com\/fr\/wp-json\/wp\/v2\/comments?post=9613"}],"version-history":[{"count":0,"href":"https:\/\/www.link2fleet.com\/fr\/wp-json\/wp\/v2\/posts\/9613\/revisions"}],"wp:featuredmedia":[{"embeddable":true,"href":"https:\/\/www.link2fleet.com\/fr\/wp-json\/wp\/v2\/media\/9614"}],"wp:attachment":[{"href":"https:\/\/www.link2fleet.com\/fr\/wp-json\/wp\/v2\/media?parent=9613"}],"wp:term":[{"taxonomy":"category","embeddable":true,"href":"https:\/\/www.link2fleet.com\/fr\/wp-json\/wp\/v2\/categories?post=9613"},{"taxonomy":"post_tag","embeddable":true,"href":"https:\/\/www.link2fleet.com\/fr\/wp-json\/wp\/v2\/tags?post=9613"}],"curies":[{"name":"wp","href":"https:\/\/api.w.org\/{rel}","templated":true}]}}