{"id":9622,"date":"2023-06-01T07:15:01","date_gmt":"2023-06-01T05:15:01","guid":{"rendered":"https:\/\/www.link2fleet.com\/infrastructure-de-recharge-dkv-mobility-adhere-a-chargeup-europe\/"},"modified":"2023-06-01T07:15:01","modified_gmt":"2023-06-01T05:15:01","slug":"infrastructure-de-recharge-dkv-mobility-adhere-a-chargeup-europe","status":"publish","type":"post","link":"https:\/\/www.link2fleet.com\/fr\/infrastructure-de-recharge-dkv-mobility-adhere-a-chargeup-europe\/","title":{"rendered":"Infrastructure de recharge : DKV Mobility adh\u00e8re \u00e0 ChargeUp Europe"},"content":{"rendered":"<blockquote class=\"Quote_container__ms7KM Quote_alignLeft__1_w_9\">\n<div class=\"Quote_content__DZCla\">\u00ab\u00a0Nous sommes heureux d\u2019adh\u00e9rer \u00e0 ChargeUp Europe, de pouvoir apporter ainsi notre savoir-faire en ces temps de transition de mobilit\u00e9 et de contribuer \u00e0 la r\u00e9ussite de l\u2019e-mobilit\u00e9 en apportant les meilleures solutions d\u2019approvisionnement ax\u00e9es sur le client possible partout en Europe\u00a0\u00bb, explique Christopher Sch\u00e4ckermann, directeur de la division e-mobilit\u00e9 chez DKV Mobility.<\/div>\n<\/blockquote>\n<blockquote class=\"Quote_container__ms7KM Quote_alignLeft__1_w_9\">\n<div class=\"Quote_content__DZCla\">La secr\u00e9taire g\u00e9n\u00e9rale de ChargeUp Europe, Lucie Mattera, de compl\u00e9ter : \u00ab\u00a0Avec DKV Mobility, ChargeUp Europe accueille une entreprise qui n\u2019a de cesse d\u2019\u00e9tendre son offre globale en mati\u00e8re de recharge de v\u00e9hicules \u00e9lectriques en Europe. L\u2019adh\u00e9sion de DKV Mobility \u00e0 ChargeUp Europe renforce encore notre savoir-faire et permettra aux transporteurs commerciaux de mieux se faire entendre \u00bb.<\/div>\n<\/blockquote>\n<p class=\"styles_paragraph__CxmiR\">De l\u2019infrastructure de recharge au conseil et \u00e0 l\u2019installation, en passant par la planification, DKV Mobility propose des solutions d\u2019approvisionnement sur mesure destin\u00e9es aux v\u00e9hicules \u00e9lectriques et met \u00e0 disposition un ensemble de services d\u2019approvisionnement complet et transparent, que ce soit sur la route, \u00e0 la maison ou au travail. Par l\u2019interm\u00e9diaire de sa filiale GreenFlux, DKV Mobility propose un r\u00e9seau d\u2019acceptation paneurop\u00e9en de ~468 000 bornes. En tant que soci\u00e9t\u00e9 de DKV Mobility, GreenFlux contribue de fa\u00e7on significative \u00e0 acc\u00e9l\u00e9rer l\u2019extension de l\u2019infrastructure de recharge destin\u00e9e aux v\u00e9hicules \u00e9lectriques en Europe. La plate-forme SaaS (Software-as-a-Service) de l\u2019entreprise permet aux exploitants des bornes et aux prestataires de services de recharge de g\u00e9rer et de redimensionner leurs r\u00e9seaux de recharge et leurs services aux conducteurs. Ensemble, DKV Mobility et GreenFlux m\u00e8nent la transition vers l\u2019avenir d\u2019une mobilit\u00e9 efficace et durable.<\/p>\n<figure id=\"gallery-d163bb32-8163-442d-a070-867e3d2ede93\" class=\"prezly-slate-gallery prezly-slate-gallery--contained\">\n<div class=\"prezly-slate-gallery__images\">\n<div class=\"prezly-slate-gallery__row\">\n<p><a id=\"gallery-image-1c705383-0087-48b3-96b8-bba97f8d3ec9\" class=\"prezly-slate-image-rollover prezly-slate-gallery-image prezly-slate-gallery-image--with-border-radius\" href=\"https:\/\/cdn.uc.assets.prezly.com\/1c705383-0087-48b3-96b8-bba97f8d3ec9\/230525_PM_DKV_Mobility_ChargeUp_Europe_Bild.jpg\"><span class=\"prezly-slate-image-rollover__content\"><img decoding=\"async\" class=\"prezly-slate-media prezly-slate-gallery-image__media prezly-slate-media--image\" title=\"DKV Mobility adh\u00e8re \u00e0 ChargeUp Europe afin de favoriser l\u2019extension de l\u2019infrastructure de recharge pour v\u00e9hicules \u00e9lectriques, de soutenir des normes et protocoles ouverts et de r\u00e9duire les barri\u00e8res commerciales. (Photo : DKV Mobility)\" src=\"https:\/\/cdn.uc.assets.prezly.com\/1c705383-0087-48b3-96b8-bba97f8d3ec9\/-\/preview\/1500x1000\/-\/format\/auto\/230525_PM_DKV_Mobility_ChargeUp_Europe_Bild.jpg\" srcset=\"\" alt=\"DKV Mobility adh\u00e8re \u00e0 ChargeUp Europe afin de favoriser l\u2019extension de l\u2019infrastructure de recharge pour v\u00e9hicules \u00e9lectriques, de soutenir des normes et protocoles ouverts et de r\u00e9duire les barri\u00e8res commerciales. (Photo : DKV Mobility)\" \/><\/span><\/a><\/p>\n<div class=\"Attachment_icon__50eqe\"><\/div>\n<div class=\"Attachment_content__NEoCh\"><\/div>\n<\/div>\n<\/div>\n<\/figure>\n","protected":false},"excerpt":{"rendered":"<p>\u00ab\u00a0Nous sommes heureux d\u2019adh\u00e9rer \u00e0 ChargeUp Europe, de pouvoir apporter ainsi notre savoir-faire en ces temps de transition de mobilit\u00e9 et de contribuer \u00e0 la r\u00e9ussite de l\u2019e-mobilit\u00e9 en apportant les meilleures solutions d\u2019approvisionnement ax\u00e9es sur le client possible partout en Europe\u00a0\u00bb, explique Christopher Sch\u00e4ckermann, directeur de la division e-mobilit\u00e9 chez DKV Mobility. La secr\u00e9taire [&hellip;]<\/p>\n","protected":false},"author":4,"featured_media":9623,"comment_status":"closed","ping_status":"closed","sticky":false,"template":"","format":"standard","meta":{"_acf_changed":false,"footnotes":""},"categories":[81,91],"tags":[],"class_list":["post-9622","post","type-post","status-publish","format-standard","has-post-thumbnail","hentry","category-gestion-de-carburant-et-energie","category-expertise-et-management"],"acf":[],"yoast_head":"<!-- This site is optimized with the Yoast SEO plugin v27.3 - https:\/\/yoast.com\/product\/yoast-seo-wordpress\/ -->\n<title>Infrastructure de recharge : DKV Mobility adh\u00e8re \u00e0 ChargeUp Europe - link2fleet<\/title>\n<meta name=\"description\" content=\"DKV Mobility, plateforme B2B europ\u00e9enne leader en mati\u00e8re de solutions de paiement sur route, adh\u00e8re \u00e0 ChargeUp Europe, porte-parole du secteur de l\u2019infrastructure de recharge\u2026\" \/>\n<meta name=\"robots\" content=\"index, follow, max-snippet:-1, max-image-preview:large, max-video-preview:-1\" \/>\n<meta property=\"og:locale\" content=\"fr_FR\" \/>\n<meta property=\"og:type\" content=\"article\" \/>\n<meta property=\"og:title\" content=\"Infrastructure de recharge : DKV Mobility adh\u00e8re \u00e0 ChargeUp Europe - link2fleet\" \/>\n<meta property=\"og:description\" content=\"DKV Mobility, plateforme B2B europ\u00e9enne leader en mati\u00e8re de solutions de paiement sur route, adh\u00e8re \u00e0 ChargeUp Europe, porte-parole du secteur de l\u2019infrastructure de recharge\u2026\" \/>\n<meta property=\"og:url\" content=\"https:\/\/www.link2fleet.com\/fr\/infrastructure-de-recharge-dkv-mobility-adhere-a-chargeup-europe\/\" \/>\n<meta property=\"og:site_name\" content=\"link2fleet\" \/>\n<meta property=\"article:published_time\" content=\"2023-06-01T05:15:01+00:00\" \/>\n<meta property=\"og:image\" content=\"https:\/\/static.link2fleet.com\/wp-content\/uploads\/2024\/03\/230525-pm-dkv-mobility-chargeup-europe-bild.jpg\" \/>\n\t<meta property=\"og:image:width\" content=\"1536\" \/>\n\t<meta property=\"og:image:height\" content=\"1025\" \/>\n\t<meta property=\"og:image:type\" content=\"image\/jpeg\" \/>\n<meta name=\"author\" content=\"Damien Malvetti\" \/>\n<meta name=\"twitter:card\" content=\"summary_large_image\" \/>\n<meta name=\"twitter:description\" content=\"DKV Mobility, plateforme B2B europ\u00e9enne leader en mati\u00e8re de solutions de paiement sur route, adh\u00e8re \u00e0 ChargeUp Europe, porte-parole du secteur de l\u2019infrastructure de recharge\u2026\" \/>\n<meta name=\"twitter:label1\" content=\"\u00c9crit par\" \/>\n\t<meta name=\"twitter:data1\" content=\"Damien Malvetti\" \/>\n\t<meta name=\"twitter:label2\" content=\"Dur\u00e9e de lecture estim\u00e9e\" \/>\n\t<meta name=\"twitter:data2\" content=\"1 minute\" \/>\n<script type=\"application\/ld+json\" class=\"yoast-schema-graph\">{\"@context\":\"https:\\\/\\\/schema.org\",\"@graph\":[{\"@type\":\"Article\",\"@id\":\"https:\\\/\\\/www.link2fleet.com\\\/fr\\\/infrastructure-de-recharge-dkv-mobility-adhere-a-chargeup-europe\\\/#article\",\"isPartOf\":{\"@id\":\"https:\\\/\\\/www.link2fleet.com\\\/fr\\\/infrastructure-de-recharge-dkv-mobility-adhere-a-chargeup-europe\\\/\"},\"author\":{\"name\":\"Damien Malvetti\",\"@id\":\"https:\\\/\\\/www.link2fleet.com\\\/fr\\\/#\\\/schema\\\/person\\\/027cd46113c78036b3809c9a054049da\"},\"headline\":\"Infrastructure de recharge : DKV Mobility adh\u00e8re \u00e0 ChargeUp Europe\",\"datePublished\":\"2023-06-01T05:15:01+00:00\",\"mainEntityOfPage\":{\"@id\":\"https:\\\/\\\/www.link2fleet.com\\\/fr\\\/infrastructure-de-recharge-dkv-mobility-adhere-a-chargeup-europe\\\/\"},\"wordCount\":290,\"publisher\":{\"@id\":\"https:\\\/\\\/www.link2fleet.com\\\/fr\\\/#organization\"},\"image\":{\"@id\":\"https:\\\/\\\/www.link2fleet.com\\\/fr\\\/infrastructure-de-recharge-dkv-mobility-adhere-a-chargeup-europe\\\/#primaryimage\"},\"thumbnailUrl\":\"https:\\\/\\\/static.link2fleet.com\\\/wp-content\\\/uploads\\\/2024\\\/03\\\/230525-pm-dkv-mobility-chargeup-europe-bild.jpg\",\"articleSection\":[\"Gestion carburant et de l'\u00e9nergie\",\"Gestion de flotte\"],\"inLanguage\":\"fr-FR\"},{\"@type\":\"WebPage\",\"@id\":\"https:\\\/\\\/www.link2fleet.com\\\/fr\\\/infrastructure-de-recharge-dkv-mobility-adhere-a-chargeup-europe\\\/\",\"url\":\"https:\\\/\\\/www.link2fleet.com\\\/fr\\\/infrastructure-de-recharge-dkv-mobility-adhere-a-chargeup-europe\\\/\",\"name\":\"Infrastructure de recharge : DKV Mobility adh\u00e8re \u00e0 ChargeUp Europe - link2fleet\",\"isPartOf\":{\"@id\":\"https:\\\/\\\/www.link2fleet.com\\\/fr\\\/#website\"},\"primaryImageOfPage\":{\"@id\":\"https:\\\/\\\/www.link2fleet.com\\\/fr\\\/infrastructure-de-recharge-dkv-mobility-adhere-a-chargeup-europe\\\/#primaryimage\"},\"image\":{\"@id\":\"https:\\\/\\\/www.link2fleet.com\\\/fr\\\/infrastructure-de-recharge-dkv-mobility-adhere-a-chargeup-europe\\\/#primaryimage\"},\"thumbnailUrl\":\"https:\\\/\\\/static.link2fleet.com\\\/wp-content\\\/uploads\\\/2024\\\/03\\\/230525-pm-dkv-mobility-chargeup-europe-bild.jpg\",\"datePublished\":\"2023-06-01T05:15:01+00:00\",\"breadcrumb\":{\"@id\":\"https:\\\/\\\/www.link2fleet.com\\\/fr\\\/infrastructure-de-recharge-dkv-mobility-adhere-a-chargeup-europe\\\/#breadcrumb\"},\"inLanguage\":\"fr-FR\",\"potentialAction\":[{\"@type\":\"ReadAction\",\"target\":[\"https:\\\/\\\/www.link2fleet.com\\\/fr\\\/infrastructure-de-recharge-dkv-mobility-adhere-a-chargeup-europe\\\/\"]}]},{\"@type\":\"ImageObject\",\"inLanguage\":\"fr-FR\",\"@id\":\"https:\\\/\\\/www.link2fleet.com\\\/fr\\\/infrastructure-de-recharge-dkv-mobility-adhere-a-chargeup-europe\\\/#primaryimage\",\"url\":\"https:\\\/\\\/static.link2fleet.com\\\/wp-content\\\/uploads\\\/2024\\\/03\\\/230525-pm-dkv-mobility-chargeup-europe-bild.jpg\",\"contentUrl\":\"https:\\\/\\\/static.link2fleet.com\\\/wp-content\\\/uploads\\\/2024\\\/03\\\/230525-pm-dkv-mobility-chargeup-europe-bild.jpg\",\"width\":1536,\"height\":1025,\"caption\":\"Deutschland\"},{\"@type\":\"BreadcrumbList\",\"@id\":\"https:\\\/\\\/www.link2fleet.com\\\/fr\\\/infrastructure-de-recharge-dkv-mobility-adhere-a-chargeup-europe\\\/#breadcrumb\",\"itemListElement\":[{\"@type\":\"ListItem\",\"position\":1,\"name\":\"Home\",\"item\":\"https:\\\/\\\/www.link2fleet.com\\\/fr\\\/\"},{\"@type\":\"ListItem\",\"position\":2,\"name\":\"Infrastructure de recharge : DKV Mobility adh\u00e8re \u00e0 ChargeUp Europe\"}]},{\"@type\":\"WebSite\",\"@id\":\"https:\\\/\\\/www.link2fleet.com\\\/fr\\\/#website\",\"url\":\"https:\\\/\\\/www.link2fleet.com\\\/fr\\\/\",\"name\":\"Link2fleet\",\"description\":\"\",\"publisher\":{\"@id\":\"https:\\\/\\\/www.link2fleet.com\\\/fr\\\/#organization\"},\"potentialAction\":[{\"@type\":\"SearchAction\",\"target\":{\"@type\":\"EntryPoint\",\"urlTemplate\":\"https:\\\/\\\/www.link2fleet.com\\\/fr\\\/?s={search_term_string}\"},\"query-input\":{\"@type\":\"PropertyValueSpecification\",\"valueRequired\":true,\"valueName\":\"search_term_string\"}}],\"inLanguage\":\"fr-FR\"},{\"@type\":\"Organization\",\"@id\":\"https:\\\/\\\/www.link2fleet.com\\\/fr\\\/#organization\",\"name\":\"Link2fleet\",\"url\":\"https:\\\/\\\/www.link2fleet.com\\\/fr\\\/\",\"logo\":{\"@type\":\"ImageObject\",\"inLanguage\":\"fr-FR\",\"@id\":\"https:\\\/\\\/www.link2fleet.com\\\/fr\\\/#\\\/schema\\\/logo\\\/image\\\/\",\"url\":\"https:\\\/\\\/static.link2fleet.com\\\/wp-content\\\/uploads\\\/2024\\\/03\\\/share-image.jpg\",\"contentUrl\":\"https:\\\/\\\/static.link2fleet.com\\\/wp-content\\\/uploads\\\/2024\\\/03\\\/share-image.jpg\",\"width\":1200,\"height\":630,\"caption\":\"Link2fleet\"},\"image\":{\"@id\":\"https:\\\/\\\/www.link2fleet.com\\\/fr\\\/#\\\/schema\\\/logo\\\/image\\\/\"},\"sameAs\":[\"https:\\\/\\\/www.linkedin.com\\\/company\\\/link2fleet-belgium\",\"https:\\\/\\\/www.youtube.com\\\/user\\\/MMMBMBE\"]},{\"@type\":\"Person\",\"@id\":\"https:\\\/\\\/www.link2fleet.com\\\/fr\\\/#\\\/schema\\\/person\\\/027cd46113c78036b3809c9a054049da\",\"name\":\"Damien Malvetti\",\"image\":{\"@type\":\"ImageObject\",\"inLanguage\":\"fr-FR\",\"@id\":\"https:\\\/\\\/secure.gravatar.com\\\/avatar\\\/dd8cc03b49466c735f753ac37f8caa371af16dfed347456ed61f02883255eebb?s=96&d=mm&r=g\",\"url\":\"https:\\\/\\\/secure.gravatar.com\\\/avatar\\\/dd8cc03b49466c735f753ac37f8caa371af16dfed347456ed61f02883255eebb?s=96&d=mm&r=g\",\"contentUrl\":\"https:\\\/\\\/secure.gravatar.com\\\/avatar\\\/dd8cc03b49466c735f753ac37f8caa371af16dfed347456ed61f02883255eebb?s=96&d=mm&r=g\",\"caption\":\"Damien Malvetti\"},\"description\":\"Damien Malvetti is opgeleid als journalist en gepassioneerd door wagens, technologie en mobiliteit. Hij is verantwoordelijk voor de redactionele inhoud van link2fleet en beschikt over een uitgebreide kennis van de fleet-sector en elektrische mobiliteit.\",\"sameAs\":[\"https:\\\/\\\/www.linkedin.com\\\/in\\\/damien-malvetti-56601142\\\/\"]}]}<\/script>\n<!-- \/ Yoast SEO plugin. -->","yoast_head_json":{"title":"Infrastructure de recharge : DKV Mobility adh\u00e8re \u00e0 ChargeUp Europe - link2fleet","description":"DKV Mobility, plateforme B2B europ\u00e9enne leader en mati\u00e8re de solutions de paiement sur route, adh\u00e8re \u00e0 ChargeUp Europe, porte-parole du secteur de l\u2019infrastructure de recharge\u2026","robots":{"index":"index","follow":"follow","max-snippet":"max-snippet:-1","max-image-preview":"max-image-preview:large","max-video-preview":"max-video-preview:-1"},"og_locale":"fr_FR","og_type":"article","og_title":"Infrastructure de recharge : DKV Mobility adh\u00e8re \u00e0 ChargeUp Europe - link2fleet","og_description":"DKV Mobility, plateforme B2B europ\u00e9enne leader en mati\u00e8re de solutions de paiement sur route, adh\u00e8re \u00e0 ChargeUp Europe, porte-parole du secteur de l\u2019infrastructure de recharge\u2026","og_url":"https:\/\/www.link2fleet.com\/fr\/infrastructure-de-recharge-dkv-mobility-adhere-a-chargeup-europe\/","og_site_name":"link2fleet","article_published_time":"2023-06-01T05:15:01+00:00","og_image":[{"width":1536,"height":1025,"url":"https:\/\/static.link2fleet.com\/wp-content\/uploads\/2024\/03\/230525-pm-dkv-mobility-chargeup-europe-bild.jpg","type":"image\/jpeg"}],"author":"Damien Malvetti","twitter_card":"summary_large_image","twitter_description":"DKV Mobility, plateforme B2B europ\u00e9enne leader en mati\u00e8re de solutions de paiement sur route, adh\u00e8re \u00e0 ChargeUp Europe, porte-parole du secteur de l\u2019infrastructure de recharge\u2026","twitter_misc":{"\u00c9crit par":"Damien Malvetti","Dur\u00e9e de lecture estim\u00e9e":"1 minute"},"schema":{"@context":"https:\/\/schema.org","@graph":[{"@type":"Article","@id":"https:\/\/www.link2fleet.com\/fr\/infrastructure-de-recharge-dkv-mobility-adhere-a-chargeup-europe\/#article","isPartOf":{"@id":"https:\/\/www.link2fleet.com\/fr\/infrastructure-de-recharge-dkv-mobility-adhere-a-chargeup-europe\/"},"author":{"name":"Damien Malvetti","@id":"https:\/\/www.link2fleet.com\/fr\/#\/schema\/person\/027cd46113c78036b3809c9a054049da"},"headline":"Infrastructure de recharge : DKV Mobility adh\u00e8re \u00e0 ChargeUp Europe","datePublished":"2023-06-01T05:15:01+00:00","mainEntityOfPage":{"@id":"https:\/\/www.link2fleet.com\/fr\/infrastructure-de-recharge-dkv-mobility-adhere-a-chargeup-europe\/"},"wordCount":290,"publisher":{"@id":"https:\/\/www.link2fleet.com\/fr\/#organization"},"image":{"@id":"https:\/\/www.link2fleet.com\/fr\/infrastructure-de-recharge-dkv-mobility-adhere-a-chargeup-europe\/#primaryimage"},"thumbnailUrl":"https:\/\/static.link2fleet.com\/wp-content\/uploads\/2024\/03\/230525-pm-dkv-mobility-chargeup-europe-bild.jpg","articleSection":["Gestion carburant et de l'\u00e9nergie","Gestion de flotte"],"inLanguage":"fr-FR"},{"@type":"WebPage","@id":"https:\/\/www.link2fleet.com\/fr\/infrastructure-de-recharge-dkv-mobility-adhere-a-chargeup-europe\/","url":"https:\/\/www.link2fleet.com\/fr\/infrastructure-de-recharge-dkv-mobility-adhere-a-chargeup-europe\/","name":"Infrastructure de recharge : DKV Mobility adh\u00e8re \u00e0 ChargeUp Europe - link2fleet","isPartOf":{"@id":"https:\/\/www.link2fleet.com\/fr\/#website"},"primaryImageOfPage":{"@id":"https:\/\/www.link2fleet.com\/fr\/infrastructure-de-recharge-dkv-mobility-adhere-a-chargeup-europe\/#primaryimage"},"image":{"@id":"https:\/\/www.link2fleet.com\/fr\/infrastructure-de-recharge-dkv-mobility-adhere-a-chargeup-europe\/#primaryimage"},"thumbnailUrl":"https:\/\/static.link2fleet.com\/wp-content\/uploads\/2024\/03\/230525-pm-dkv-mobility-chargeup-europe-bild.jpg","datePublished":"2023-06-01T05:15:01+00:00","breadcrumb":{"@id":"https:\/\/www.link2fleet.com\/fr\/infrastructure-de-recharge-dkv-mobility-adhere-a-chargeup-europe\/#breadcrumb"},"inLanguage":"fr-FR","potentialAction":[{"@type":"ReadAction","target":["https:\/\/www.link2fleet.com\/fr\/infrastructure-de-recharge-dkv-mobility-adhere-a-chargeup-europe\/"]}]},{"@type":"ImageObject","inLanguage":"fr-FR","@id":"https:\/\/www.link2fleet.com\/fr\/infrastructure-de-recharge-dkv-mobility-adhere-a-chargeup-europe\/#primaryimage","url":"https:\/\/static.link2fleet.com\/wp-content\/uploads\/2024\/03\/230525-pm-dkv-mobility-chargeup-europe-bild.jpg","contentUrl":"https:\/\/static.link2fleet.com\/wp-content\/uploads\/2024\/03\/230525-pm-dkv-mobility-chargeup-europe-bild.jpg","width":1536,"height":1025,"caption":"Deutschland"},{"@type":"BreadcrumbList","@id":"https:\/\/www.link2fleet.com\/fr\/infrastructure-de-recharge-dkv-mobility-adhere-a-chargeup-europe\/#breadcrumb","itemListElement":[{"@type":"ListItem","position":1,"name":"Home","item":"https:\/\/www.link2fleet.com\/fr\/"},{"@type":"ListItem","position":2,"name":"Infrastructure de recharge : DKV Mobility adh\u00e8re \u00e0 ChargeUp Europe"}]},{"@type":"WebSite","@id":"https:\/\/www.link2fleet.com\/fr\/#website","url":"https:\/\/www.link2fleet.com\/fr\/","name":"Link2fleet","description":"","publisher":{"@id":"https:\/\/www.link2fleet.com\/fr\/#organization"},"potentialAction":[{"@type":"SearchAction","target":{"@type":"EntryPoint","urlTemplate":"https:\/\/www.link2fleet.com\/fr\/?s={search_term_string}"},"query-input":{"@type":"PropertyValueSpecification","valueRequired":true,"valueName":"search_term_string"}}],"inLanguage":"fr-FR"},{"@type":"Organization","@id":"https:\/\/www.link2fleet.com\/fr\/#organization","name":"Link2fleet","url":"https:\/\/www.link2fleet.com\/fr\/","logo":{"@type":"ImageObject","inLanguage":"fr-FR","@id":"https:\/\/www.link2fleet.com\/fr\/#\/schema\/logo\/image\/","url":"https:\/\/static.link2fleet.com\/wp-content\/uploads\/2024\/03\/share-image.jpg","contentUrl":"https:\/\/static.link2fleet.com\/wp-content\/uploads\/2024\/03\/share-image.jpg","width":1200,"height":630,"caption":"Link2fleet"},"image":{"@id":"https:\/\/www.link2fleet.com\/fr\/#\/schema\/logo\/image\/"},"sameAs":["https:\/\/www.linkedin.com\/company\/link2fleet-belgium","https:\/\/www.youtube.com\/user\/MMMBMBE"]},{"@type":"Person","@id":"https:\/\/www.link2fleet.com\/fr\/#\/schema\/person\/027cd46113c78036b3809c9a054049da","name":"Damien Malvetti","image":{"@type":"ImageObject","inLanguage":"fr-FR","@id":"https:\/\/secure.gravatar.com\/avatar\/dd8cc03b49466c735f753ac37f8caa371af16dfed347456ed61f02883255eebb?s=96&d=mm&r=g","url":"https:\/\/secure.gravatar.com\/avatar\/dd8cc03b49466c735f753ac37f8caa371af16dfed347456ed61f02883255eebb?s=96&d=mm&r=g","contentUrl":"https:\/\/secure.gravatar.com\/avatar\/dd8cc03b49466c735f753ac37f8caa371af16dfed347456ed61f02883255eebb?s=96&d=mm&r=g","caption":"Damien Malvetti"},"description":"Damien Malvetti is opgeleid als journalist en gepassioneerd door wagens, technologie en mobiliteit. Hij is verantwoordelijk voor de redactionele inhoud van link2fleet en beschikt over een uitgebreide kennis van de fleet-sector en elektrische mobiliteit.","sameAs":["https:\/\/www.linkedin.com\/in\/damien-malvetti-56601142\/"]}]}},"_links":{"self":[{"href":"https:\/\/www.link2fleet.com\/fr\/wp-json\/wp\/v2\/posts\/9622","targetHints":{"allow":["GET"]}}],"collection":[{"href":"https:\/\/www.link2fleet.com\/fr\/wp-json\/wp\/v2\/posts"}],"about":[{"href":"https:\/\/www.link2fleet.com\/fr\/wp-json\/wp\/v2\/types\/post"}],"author":[{"embeddable":true,"href":"https:\/\/www.link2fleet.com\/fr\/wp-json\/wp\/v2\/users\/4"}],"replies":[{"embeddable":true,"href":"https:\/\/www.link2fleet.com\/fr\/wp-json\/wp\/v2\/comments?post=9622"}],"version-history":[{"count":0,"href":"https:\/\/www.link2fleet.com\/fr\/wp-json\/wp\/v2\/posts\/9622\/revisions"}],"wp:featuredmedia":[{"embeddable":true,"href":"https:\/\/www.link2fleet.com\/fr\/wp-json\/wp\/v2\/media\/9623"}],"wp:attachment":[{"href":"https:\/\/www.link2fleet.com\/fr\/wp-json\/wp\/v2\/media?parent=9622"}],"wp:term":[{"taxonomy":"category","embeddable":true,"href":"https:\/\/www.link2fleet.com\/fr\/wp-json\/wp\/v2\/categories?post=9622"},{"taxonomy":"post_tag","embeddable":true,"href":"https:\/\/www.link2fleet.com\/fr\/wp-json\/wp\/v2\/tags?post=9622"}],"curies":[{"name":"wp","href":"https:\/\/api.w.org\/{rel}","templated":true}]}}