{"id":9625,"date":"2023-06-01T11:43:35","date_gmt":"2023-06-01T09:43:35","guid":{"rendered":"https:\/\/www.link2fleet.com\/enquete-blitz-power-6-belges-sur-10-pensent-quils-ne-peuvent-recharger-la-batterie-de-leur-ev-que-lorsquelle-est-quasi-vide\/"},"modified":"2023-06-01T11:43:35","modified_gmt":"2023-06-01T09:43:35","slug":"enquete-blitz-power-6-belges-sur-10-pensent-quils-ne-peuvent-recharger-la-batterie-de-leur-ev-que-lorsquelle-est-quasi-vide","status":"publish","type":"post","link":"https:\/\/www.link2fleet.com\/fr\/enquete-blitz-power-6-belges-sur-10-pensent-quils-ne-peuvent-recharger-la-batterie-de-leur-ev-que-lorsquelle-est-quasi-vide\/","title":{"rendered":"Enqu\u00eate Blitz Power: 6 belges sur 10 pensent qu&rsquo;ils ne peuvent recharger la batterie de leur EV que lorsqu&rsquo;elle est quasi vide"},"content":{"rendered":"<p class=\"styles_paragraph__CxmiR\"><strong>Plus d&rsquo;un Belge sur trois (41 %) pense que se d\u00e9placer dans une voiture \u00e9lectrique est plus compliqu\u00e9 que de se d\u00e9placer dans une voiture \u00e0 essence ou diesel. Pr\u00e8s de la moiti\u00e9 (42 %) des personnes interrog\u00e9es pensent que le r\u00e9seau \u00e9lectrique belge n&rsquo;est pas pr\u00eat \u00e0 accueillir davantage de voitures \u00e9lectriques et 6 Belges sur 10 (57 %) pensent encore qu&rsquo;il est pr\u00e9f\u00e9rable de ne recharger la batterie de leur voiture que lorsqu&rsquo;elle est pratiquement vide. \u00ab\u00a0Rien de tout cela n&rsquo;est vrai !\u00a0\u00bb, fait \u00e9cho Alexander Hertsens (31 ans), directeur g\u00e9n\u00e9ral de Blitz Power. \u00ab\u00a0Dans un tout nouveau ebook, nous d\u00e9mystifions ces mythes et de nombreux autres qui entourent la conduite \u00e9lectrique\u00a0\u00bb. Blitz Power veut jouer un r\u00f4le actif pour informer correctement les gens et acc\u00e9l\u00e9rer la transition vers une mobilit\u00e9 durable.\u00a0\u00bb L&rsquo;e-Book peut \u00eatre t\u00e9l\u00e9charg\u00e9 gratuitement sur le site de Blitz Power et ceux qui le souhaitent peuvent tester leurs connaissances sur la conduite \u00e9lectrique dans un petit\u00a0<\/strong><a class=\"styles_link__UQc5p\" href=\"https:\/\/blitzpower.com\/fr-be\/quiz\" target=\"_blank\" rel=\"noopener noreferrer\"><strong>quiz en ligne.<\/strong><\/a><\/p>\n<p class=\"styles_paragraph__CxmiR\">&lsquo;Charg\u00e9 pour l&rsquo;avenir&rsquo; est le titre du nouveau livre \u00e9lectronique de Blitz Power, un guide pratique sur la conduite \u00e9lectrique. Quelle est la distance parcourue par une voiture \u00e9lectrique sans \u00eatre recharg\u00e9e ? Quel est le co\u00fbt de la conduite \u00e9lectrique par rapport \u00e0 un moteur \u00e0 combustion interne ? Une voiture \u00e9lectrique est-elle effectivement plus durable ? Quels sont les avantages fiscaux dont on peut b\u00e9n\u00e9ficier ? Y aura-t-il bient\u00f4t des bateaux \u00e9lectriques, et puis-je recharger mon v\u00e9lo \u00e0 une station de recharge pour voitures ? Ces questions et bien d&rsquo;autres encore trouvent des r\u00e9ponses claires dans le livre \u00e9lectronique de Blitz Power. Et cela s&rsquo;av\u00e8re n\u00e9cessaire, car il y a encore beaucoup d&rsquo;id\u00e9es fausses sur la conduite \u00e9lectrique.<\/p>\n<blockquote class=\"Quote_container__ms7KM Quote_alignLeft__1_w_9\">\n<div class=\"Quote_content__DZCla\"><i>\u00ab\u00a0Bien que tant de choses aient d\u00e9j\u00e0 \u00e9t\u00e9 dites et \u00e9crites sur la conduite \u00e9lectrique, des\u00a0informations fausses continuent de circuler, dissuadant injustement les gens de franchir le pas vers la conduite \u00e9lectrique\u00a0\u00bb,<\/i> d\u00e9clare Alexander Hertsens, PDG de Blitz Power. <i>\u00ab\u00a0La conduite et la recharge \u00e9lectriques sont l&rsquo;avenir. La transition vers une mobilit\u00e9 durable doit \u00eatre acc\u00e9l\u00e9r\u00e9e quoi qu&rsquo;il arrive. Parall\u00e8lement aux bonnes initiatives gouvernementales, nous voulons aussi, chez Blitz Power, jouer un r\u00f4le actif, en informant correctement les gens et en les encourageant.\u00a0\u00bb<\/i><\/div>\n<\/blockquote>\n<p>&nbsp;<\/p>\n<p class=\"styles_paragraph__CxmiR\"><strong>Non, partir en vacances en\u00a0voiture\u00a0\u00e9lectrique n&rsquo;est pas impossible!<\/strong><\/p>\n<p class=\"styles_paragraph__CxmiR\">Pas moins de 41 % de nos compatriotes pensent que voyager dans une voiture \u00e9lectrique est plus difficile et prend plus de temps que de voyager dans une voiture diesel ou \u00e0 essence. Rien n&rsquo;est plus faux. L&rsquo;autonomie d&rsquo;une voiture \u00e9lectrique d\u00e9pend d&rsquo;une voiture \u00e0 l&rsquo;autre, mais en comptant sur une autonomie d&rsquo;environ 400 km sur l&rsquo;autoroute \u00e0 une moyenne de 100 km par heure, pour un parcours de 1 200 km, vous n&rsquo;avez besoin de faire que deux arr\u00eats pour recharger entre les deux, cependant, il est recommand\u00e9 de se d\u00e9gourdir les jambes un peu plus souvent et de programmer des arr\u00eats plus courts. Apr\u00e8s tout, vous rechargez avant de partir et avant la derni\u00e8re charge, vous \u00eates d\u00e9j\u00e0 arriv\u00e9s sur place. Une charge dure au maximum 40 minutes. Si vous voulez conduire en toute s\u00e9curit\u00e9, pour un trajet similaire avec une voiture non \u00e9lectrique, vous faites aussi au moins 2 arr\u00eats. Lors d&rsquo;un trajet plus long, vous conduisez g\u00e9n\u00e9ralement aussi avec le GPS. Les nouvelles voitures \u00e9lectriques ont un planificateur d&rsquo;itin\u00e9raire dans le GPS qui prend en compte l&rsquo;autonomie de conduite. Ainsi, vous n&rsquo;avez pas besoin de tracer votre propre itin\u00e9raire, ni \u00e0 craindre de tomber en panne d&rsquo;\u00e9lectricit\u00e9.<\/p>\n<p>&nbsp;<\/p>\n<p class=\"styles_paragraph__CxmiR\"><strong>Non, vous ne devez pas attendre que votre batterie soit vide pour la recharger<\/strong><\/p>\n<p class=\"styles_paragraph__CxmiR\">Pr\u00e8s de 6 Belges sur 10 (57 %) pensent encore qu&rsquo;il est pr\u00e9f\u00e9rable de ne charger la batterie de leur voiture que lorsqu&rsquo;elle est pratiquement vide. Cela aussi est un mythe. Vous rechargez une voiture \u00e9lectrique diff\u00e9remment d&rsquo;une voiture \u00e0 essence ou diesel, o\u00f9 vous roulez jusqu&rsquo;\u00e0 ce que le r\u00e9servoir soit vide, puis vous faites le plein. Avec une voiture \u00e9lectrique, vous rechargez chaque fois que c&rsquo;est possible. M\u00eame si votre voiture est encore charg\u00e9e \u00e0 plus de 70 %, quand vous rentrez \u00e0 la maison, vous la branchez quand m\u00eame. C&rsquo;est un petit effort et de cette fa\u00e7on, vous d\u00e9marrez toujours avec une autonomie maximale.<\/p>\n<p>&nbsp;<\/p>\n<p class=\"styles_paragraph__CxmiR\"><strong>Bien s\u00fbr que oui, le r\u00e9seau \u00e9lectrique belge sera en mesure de g\u00e9rer suffisamment de voitures \u00e9lectriques<\/strong><\/p>\n<p class=\"styles_paragraph__CxmiR\">Pr\u00e8s de la moiti\u00e9 (42 %) des Belges pensent que le r\u00e9seau \u00e9lectrique belge n&rsquo;est pas pr\u00eat \u00e0 accueillir davantage de voitures \u00e9lectriques. Ces inqui\u00e9tudes sont injustifi\u00e9es. Le r\u00e9seau est pr\u00eat \u00e0 accueillir plus de voitures \u00e9lectriques, m\u00eame s&rsquo;il est important d&rsquo;\u00eatre intelligent en mati\u00e8re de recharge \u00e9lectrique et d&rsquo;\u00e9viter les moments de pointe. Par exemple, prenez l&rsquo;habitude de charger par d\u00e9faut pendant la journ\u00e9e et d&rsquo;utiliser autant d&rsquo;\u00e9nergie solaire que possible ou utilisez la gestion de l&rsquo;\u00e9nergie en chargeant lentement pendant les heures de pointe et en chargeant rapidement pendant les heures creuses, comme la nuit. Avec les stations de recharge \u00ab\u00a0intelligentes\u00a0\u00bb, vous pouvez d\u00e9finir l&rsquo;heure id\u00e9ale et la quantit\u00e9 recommand\u00e9e et m\u00eame la faire calculer automatiquement. La station de recharge surveille alors la quantit\u00e9 d&rsquo;\u00e9nergie utilis\u00e9e dans votre maison et ne charge que lorsqu&rsquo;il y a suffisamment de surplus.<\/p>\n<blockquote>\n<p class=\"styles_paragraph__CxmiR\">Vous pouvez t\u00e9l\u00e9charger gratuitement l&rsquo;\u00a0<a class=\"styles_link__UQc5p\" href=\"https:\/\/blitzpower.com\/r\/e-book\/\" target=\"_self\" rel=\"noopener noreferrer\">e-Book<\/a> de Blitz Power via <a class=\"styles_link__UQc5p\" href=\"http:\/\/www.blitzpower.com\/\" target=\"_self\" rel=\"noopener noreferrer\">www.blitzpower.com<\/a>. Sur ce m\u00eame site web, vous pouvez tester vos connaissances sur la conduite \u00e9lectrique gr\u00e2ce \u00e0 un petit\u00a0<a class=\"styles_link__UQc5p\" href=\"https:\/\/blitzpower.com\/fr-be\/quiz\" target=\"_self\" rel=\"noopener noreferrer\">quiz<\/a> de 10 questions.<\/p>\n<\/blockquote>\n","protected":false},"excerpt":{"rendered":"<p>Plus d&rsquo;un Belge sur trois (41 %) pense que se d\u00e9placer dans une voiture \u00e9lectrique est plus compliqu\u00e9 que de se d\u00e9placer dans une voiture \u00e0 essence ou diesel. Pr\u00e8s de la moiti\u00e9 (42 %) des personnes interrog\u00e9es pensent que le r\u00e9seau \u00e9lectrique belge n&rsquo;est pas pr\u00eat \u00e0 accueillir davantage de voitures \u00e9lectriques et 6 [&hellip;]<\/p>\n","protected":false},"author":4,"featured_media":9626,"comment_status":"closed","ping_status":"closed","sticky":false,"template":"","format":"standard","meta":{"_acf_changed":false,"footnotes":""},"categories":[81,91],"tags":[],"class_list":["post-9625","post","type-post","status-publish","format-standard","has-post-thumbnail","hentry","category-gestion-de-carburant-et-energie","category-expertise-et-management"],"acf":[],"yoast_head":"<!-- This site is optimized with the Yoast SEO plugin v27.3 - https:\/\/yoast.com\/product\/yoast-seo-wordpress\/ -->\n<title>Enqu\u00eate Blitz Power: 6 belges sur 10 pensent qu&#039;ils ne peuvent recharger la batterie de leur EV que lorsqu&#039;elle est quasi vide - link2fleet<\/title>\n<meta name=\"description\" content=\"Plus de 100.000 belges roulent aujourd&rsquo;hui avec une voiture hybride, plug-in hybride ou full \u00e9lectrique. Chaque trimestre, on compte 50.000 voitures \u00e9lectriques suppl\u00e9mentaires sur nos\u2026\" \/>\n<meta name=\"robots\" content=\"index, follow, max-snippet:-1, max-image-preview:large, max-video-preview:-1\" \/>\n<meta property=\"og:locale\" content=\"fr_FR\" \/>\n<meta property=\"og:type\" content=\"article\" \/>\n<meta property=\"og:title\" content=\"Enqu\u00eate Blitz Power: 6 belges sur 10 pensent qu&#039;ils ne peuvent recharger la batterie de leur EV que lorsqu&#039;elle est quasi vide - link2fleet\" \/>\n<meta property=\"og:description\" content=\"Plus de 100.000 belges roulent aujourd&rsquo;hui avec une voiture hybride, plug-in hybride ou full \u00e9lectrique. Chaque trimestre, on compte 50.000 voitures \u00e9lectriques suppl\u00e9mentaires sur nos\u2026\" \/>\n<meta property=\"og:url\" content=\"https:\/\/www.link2fleet.com\/fr\/enquete-blitz-power-6-belges-sur-10-pensent-quils-ne-peuvent-recharger-la-batterie-de-leur-ev-que-lorsquelle-est-quasi-vide\/\" \/>\n<meta property=\"og:site_name\" content=\"link2fleet\" \/>\n<meta property=\"article:published_time\" content=\"2023-06-01T09:43:35+00:00\" \/>\n<meta property=\"og:image\" content=\"https:\/\/static.link2fleet.com\/wp-content\/uploads\/2024\/03\/blitz-power-scaled-1.jpeg\" \/>\n\t<meta property=\"og:image:width\" content=\"2560\" \/>\n\t<meta property=\"og:image:height\" content=\"1707\" \/>\n\t<meta property=\"og:image:type\" content=\"image\/jpeg\" \/>\n<meta name=\"author\" content=\"Damien Malvetti\" \/>\n<meta name=\"twitter:card\" content=\"summary_large_image\" \/>\n<meta name=\"twitter:description\" content=\"Plus de 100.000 belges roulent aujourd&rsquo;hui avec une voiture hybride, plug-in hybride ou full \u00e9lectrique. Chaque trimestre, on compte 50.000 voitures \u00e9lectriques suppl\u00e9mentaires sur nos\u2026\" \/>\n<meta name=\"twitter:label1\" content=\"\u00c9crit par\" \/>\n\t<meta name=\"twitter:data1\" content=\"Damien Malvetti\" \/>\n\t<meta name=\"twitter:label2\" content=\"Dur\u00e9e de lecture estim\u00e9e\" \/>\n\t<meta name=\"twitter:data2\" content=\"5 minutes\" \/>\n<script type=\"application\/ld+json\" class=\"yoast-schema-graph\">{\"@context\":\"https:\\\/\\\/schema.org\",\"@graph\":[{\"@type\":\"Article\",\"@id\":\"https:\\\/\\\/www.link2fleet.com\\\/fr\\\/enquete-blitz-power-6-belges-sur-10-pensent-quils-ne-peuvent-recharger-la-batterie-de-leur-ev-que-lorsquelle-est-quasi-vide\\\/#article\",\"isPartOf\":{\"@id\":\"https:\\\/\\\/www.link2fleet.com\\\/fr\\\/enquete-blitz-power-6-belges-sur-10-pensent-quils-ne-peuvent-recharger-la-batterie-de-leur-ev-que-lorsquelle-est-quasi-vide\\\/\"},\"author\":{\"name\":\"Damien Malvetti\",\"@id\":\"https:\\\/\\\/www.link2fleet.com\\\/fr\\\/#\\\/schema\\\/person\\\/027cd46113c78036b3809c9a054049da\"},\"headline\":\"Enqu\u00eate Blitz Power: 6 belges sur 10 pensent qu&rsquo;ils ne peuvent recharger la batterie de leur EV que lorsqu&rsquo;elle est quasi vide\",\"datePublished\":\"2023-06-01T09:43:35+00:00\",\"mainEntityOfPage\":{\"@id\":\"https:\\\/\\\/www.link2fleet.com\\\/fr\\\/enquete-blitz-power-6-belges-sur-10-pensent-quils-ne-peuvent-recharger-la-batterie-de-leur-ev-que-lorsquelle-est-quasi-vide\\\/\"},\"wordCount\":994,\"publisher\":{\"@id\":\"https:\\\/\\\/www.link2fleet.com\\\/fr\\\/#organization\"},\"image\":{\"@id\":\"https:\\\/\\\/www.link2fleet.com\\\/fr\\\/enquete-blitz-power-6-belges-sur-10-pensent-quils-ne-peuvent-recharger-la-batterie-de-leur-ev-que-lorsquelle-est-quasi-vide\\\/#primaryimage\"},\"thumbnailUrl\":\"https:\\\/\\\/static.link2fleet.com\\\/wp-content\\\/uploads\\\/2024\\\/03\\\/blitz-power-scaled-1.jpeg\",\"articleSection\":[\"Gestion carburant et de l'\u00e9nergie\",\"Gestion de flotte\"],\"inLanguage\":\"fr-FR\"},{\"@type\":\"WebPage\",\"@id\":\"https:\\\/\\\/www.link2fleet.com\\\/fr\\\/enquete-blitz-power-6-belges-sur-10-pensent-quils-ne-peuvent-recharger-la-batterie-de-leur-ev-que-lorsquelle-est-quasi-vide\\\/\",\"url\":\"https:\\\/\\\/www.link2fleet.com\\\/fr\\\/enquete-blitz-power-6-belges-sur-10-pensent-quils-ne-peuvent-recharger-la-batterie-de-leur-ev-que-lorsquelle-est-quasi-vide\\\/\",\"name\":\"Enqu\u00eate Blitz Power: 6 belges sur 10 pensent qu'ils ne peuvent recharger la batterie de leur EV que lorsqu'elle est quasi vide - link2fleet\",\"isPartOf\":{\"@id\":\"https:\\\/\\\/www.link2fleet.com\\\/fr\\\/#website\"},\"primaryImageOfPage\":{\"@id\":\"https:\\\/\\\/www.link2fleet.com\\\/fr\\\/enquete-blitz-power-6-belges-sur-10-pensent-quils-ne-peuvent-recharger-la-batterie-de-leur-ev-que-lorsquelle-est-quasi-vide\\\/#primaryimage\"},\"image\":{\"@id\":\"https:\\\/\\\/www.link2fleet.com\\\/fr\\\/enquete-blitz-power-6-belges-sur-10-pensent-quils-ne-peuvent-recharger-la-batterie-de-leur-ev-que-lorsquelle-est-quasi-vide\\\/#primaryimage\"},\"thumbnailUrl\":\"https:\\\/\\\/static.link2fleet.com\\\/wp-content\\\/uploads\\\/2024\\\/03\\\/blitz-power-scaled-1.jpeg\",\"datePublished\":\"2023-06-01T09:43:35+00:00\",\"breadcrumb\":{\"@id\":\"https:\\\/\\\/www.link2fleet.com\\\/fr\\\/enquete-blitz-power-6-belges-sur-10-pensent-quils-ne-peuvent-recharger-la-batterie-de-leur-ev-que-lorsquelle-est-quasi-vide\\\/#breadcrumb\"},\"inLanguage\":\"fr-FR\",\"potentialAction\":[{\"@type\":\"ReadAction\",\"target\":[\"https:\\\/\\\/www.link2fleet.com\\\/fr\\\/enquete-blitz-power-6-belges-sur-10-pensent-quils-ne-peuvent-recharger-la-batterie-de-leur-ev-que-lorsquelle-est-quasi-vide\\\/\"]}]},{\"@type\":\"ImageObject\",\"inLanguage\":\"fr-FR\",\"@id\":\"https:\\\/\\\/www.link2fleet.com\\\/fr\\\/enquete-blitz-power-6-belges-sur-10-pensent-quils-ne-peuvent-recharger-la-batterie-de-leur-ev-que-lorsquelle-est-quasi-vide\\\/#primaryimage\",\"url\":\"https:\\\/\\\/static.link2fleet.com\\\/wp-content\\\/uploads\\\/2024\\\/03\\\/blitz-power-scaled-1.jpeg\",\"contentUrl\":\"https:\\\/\\\/static.link2fleet.com\\\/wp-content\\\/uploads\\\/2024\\\/03\\\/blitz-power-scaled-1.jpeg\",\"width\":2560,\"height\":1707},{\"@type\":\"BreadcrumbList\",\"@id\":\"https:\\\/\\\/www.link2fleet.com\\\/fr\\\/enquete-blitz-power-6-belges-sur-10-pensent-quils-ne-peuvent-recharger-la-batterie-de-leur-ev-que-lorsquelle-est-quasi-vide\\\/#breadcrumb\",\"itemListElement\":[{\"@type\":\"ListItem\",\"position\":1,\"name\":\"Home\",\"item\":\"https:\\\/\\\/www.link2fleet.com\\\/fr\\\/\"},{\"@type\":\"ListItem\",\"position\":2,\"name\":\"Enqu\u00eate Blitz Power: 6 belges sur 10 pensent qu&#8217;ils ne peuvent recharger la batterie de leur EV que lorsqu&#8217;elle est quasi vide\"}]},{\"@type\":\"WebSite\",\"@id\":\"https:\\\/\\\/www.link2fleet.com\\\/fr\\\/#website\",\"url\":\"https:\\\/\\\/www.link2fleet.com\\\/fr\\\/\",\"name\":\"Link2fleet\",\"description\":\"\",\"publisher\":{\"@id\":\"https:\\\/\\\/www.link2fleet.com\\\/fr\\\/#organization\"},\"potentialAction\":[{\"@type\":\"SearchAction\",\"target\":{\"@type\":\"EntryPoint\",\"urlTemplate\":\"https:\\\/\\\/www.link2fleet.com\\\/fr\\\/?s={search_term_string}\"},\"query-input\":{\"@type\":\"PropertyValueSpecification\",\"valueRequired\":true,\"valueName\":\"search_term_string\"}}],\"inLanguage\":\"fr-FR\"},{\"@type\":\"Organization\",\"@id\":\"https:\\\/\\\/www.link2fleet.com\\\/fr\\\/#organization\",\"name\":\"Link2fleet\",\"url\":\"https:\\\/\\\/www.link2fleet.com\\\/fr\\\/\",\"logo\":{\"@type\":\"ImageObject\",\"inLanguage\":\"fr-FR\",\"@id\":\"https:\\\/\\\/www.link2fleet.com\\\/fr\\\/#\\\/schema\\\/logo\\\/image\\\/\",\"url\":\"https:\\\/\\\/static.link2fleet.com\\\/wp-content\\\/uploads\\\/2024\\\/03\\\/share-image.jpg\",\"contentUrl\":\"https:\\\/\\\/static.link2fleet.com\\\/wp-content\\\/uploads\\\/2024\\\/03\\\/share-image.jpg\",\"width\":1200,\"height\":630,\"caption\":\"Link2fleet\"},\"image\":{\"@id\":\"https:\\\/\\\/www.link2fleet.com\\\/fr\\\/#\\\/schema\\\/logo\\\/image\\\/\"},\"sameAs\":[\"https:\\\/\\\/www.linkedin.com\\\/company\\\/link2fleet-belgium\",\"https:\\\/\\\/www.youtube.com\\\/user\\\/MMMBMBE\"]},{\"@type\":\"Person\",\"@id\":\"https:\\\/\\\/www.link2fleet.com\\\/fr\\\/#\\\/schema\\\/person\\\/027cd46113c78036b3809c9a054049da\",\"name\":\"Damien Malvetti\",\"image\":{\"@type\":\"ImageObject\",\"inLanguage\":\"fr-FR\",\"@id\":\"https:\\\/\\\/secure.gravatar.com\\\/avatar\\\/dd8cc03b49466c735f753ac37f8caa371af16dfed347456ed61f02883255eebb?s=96&d=mm&r=g\",\"url\":\"https:\\\/\\\/secure.gravatar.com\\\/avatar\\\/dd8cc03b49466c735f753ac37f8caa371af16dfed347456ed61f02883255eebb?s=96&d=mm&r=g\",\"contentUrl\":\"https:\\\/\\\/secure.gravatar.com\\\/avatar\\\/dd8cc03b49466c735f753ac37f8caa371af16dfed347456ed61f02883255eebb?s=96&d=mm&r=g\",\"caption\":\"Damien Malvetti\"},\"description\":\"Damien Malvetti is opgeleid als journalist en gepassioneerd door wagens, technologie en mobiliteit. Hij is verantwoordelijk voor de redactionele inhoud van link2fleet en beschikt over een uitgebreide kennis van de fleet-sector en elektrische mobiliteit.\",\"sameAs\":[\"https:\\\/\\\/www.linkedin.com\\\/in\\\/damien-malvetti-56601142\\\/\"]}]}<\/script>\n<!-- \/ Yoast SEO plugin. -->","yoast_head_json":{"title":"Enqu\u00eate Blitz Power: 6 belges sur 10 pensent qu'ils ne peuvent recharger la batterie de leur EV que lorsqu'elle est quasi vide - link2fleet","description":"Plus de 100.000 belges roulent aujourd&rsquo;hui avec une voiture hybride, plug-in hybride ou full \u00e9lectrique. Chaque trimestre, on compte 50.000 voitures \u00e9lectriques suppl\u00e9mentaires sur nos\u2026","robots":{"index":"index","follow":"follow","max-snippet":"max-snippet:-1","max-image-preview":"max-image-preview:large","max-video-preview":"max-video-preview:-1"},"og_locale":"fr_FR","og_type":"article","og_title":"Enqu\u00eate Blitz Power: 6 belges sur 10 pensent qu'ils ne peuvent recharger la batterie de leur EV que lorsqu'elle est quasi vide - link2fleet","og_description":"Plus de 100.000 belges roulent aujourd&rsquo;hui avec une voiture hybride, plug-in hybride ou full \u00e9lectrique. Chaque trimestre, on compte 50.000 voitures \u00e9lectriques suppl\u00e9mentaires sur nos\u2026","og_url":"https:\/\/www.link2fleet.com\/fr\/enquete-blitz-power-6-belges-sur-10-pensent-quils-ne-peuvent-recharger-la-batterie-de-leur-ev-que-lorsquelle-est-quasi-vide\/","og_site_name":"link2fleet","article_published_time":"2023-06-01T09:43:35+00:00","og_image":[{"width":2560,"height":1707,"url":"https:\/\/static.link2fleet.com\/wp-content\/uploads\/2024\/03\/blitz-power-scaled-1.jpeg","type":"image\/jpeg"}],"author":"Damien Malvetti","twitter_card":"summary_large_image","twitter_description":"Plus de 100.000 belges roulent aujourd&rsquo;hui avec une voiture hybride, plug-in hybride ou full \u00e9lectrique. Chaque trimestre, on compte 50.000 voitures \u00e9lectriques suppl\u00e9mentaires sur nos\u2026","twitter_misc":{"\u00c9crit par":"Damien Malvetti","Dur\u00e9e de lecture estim\u00e9e":"5 minutes"},"schema":{"@context":"https:\/\/schema.org","@graph":[{"@type":"Article","@id":"https:\/\/www.link2fleet.com\/fr\/enquete-blitz-power-6-belges-sur-10-pensent-quils-ne-peuvent-recharger-la-batterie-de-leur-ev-que-lorsquelle-est-quasi-vide\/#article","isPartOf":{"@id":"https:\/\/www.link2fleet.com\/fr\/enquete-blitz-power-6-belges-sur-10-pensent-quils-ne-peuvent-recharger-la-batterie-de-leur-ev-que-lorsquelle-est-quasi-vide\/"},"author":{"name":"Damien Malvetti","@id":"https:\/\/www.link2fleet.com\/fr\/#\/schema\/person\/027cd46113c78036b3809c9a054049da"},"headline":"Enqu\u00eate Blitz Power: 6 belges sur 10 pensent qu&rsquo;ils ne peuvent recharger la batterie de leur EV que lorsqu&rsquo;elle est quasi vide","datePublished":"2023-06-01T09:43:35+00:00","mainEntityOfPage":{"@id":"https:\/\/www.link2fleet.com\/fr\/enquete-blitz-power-6-belges-sur-10-pensent-quils-ne-peuvent-recharger-la-batterie-de-leur-ev-que-lorsquelle-est-quasi-vide\/"},"wordCount":994,"publisher":{"@id":"https:\/\/www.link2fleet.com\/fr\/#organization"},"image":{"@id":"https:\/\/www.link2fleet.com\/fr\/enquete-blitz-power-6-belges-sur-10-pensent-quils-ne-peuvent-recharger-la-batterie-de-leur-ev-que-lorsquelle-est-quasi-vide\/#primaryimage"},"thumbnailUrl":"https:\/\/static.link2fleet.com\/wp-content\/uploads\/2024\/03\/blitz-power-scaled-1.jpeg","articleSection":["Gestion carburant et de l'\u00e9nergie","Gestion de flotte"],"inLanguage":"fr-FR"},{"@type":"WebPage","@id":"https:\/\/www.link2fleet.com\/fr\/enquete-blitz-power-6-belges-sur-10-pensent-quils-ne-peuvent-recharger-la-batterie-de-leur-ev-que-lorsquelle-est-quasi-vide\/","url":"https:\/\/www.link2fleet.com\/fr\/enquete-blitz-power-6-belges-sur-10-pensent-quils-ne-peuvent-recharger-la-batterie-de-leur-ev-que-lorsquelle-est-quasi-vide\/","name":"Enqu\u00eate Blitz Power: 6 belges sur 10 pensent qu'ils ne peuvent recharger la batterie de leur EV que lorsqu'elle est quasi vide - link2fleet","isPartOf":{"@id":"https:\/\/www.link2fleet.com\/fr\/#website"},"primaryImageOfPage":{"@id":"https:\/\/www.link2fleet.com\/fr\/enquete-blitz-power-6-belges-sur-10-pensent-quils-ne-peuvent-recharger-la-batterie-de-leur-ev-que-lorsquelle-est-quasi-vide\/#primaryimage"},"image":{"@id":"https:\/\/www.link2fleet.com\/fr\/enquete-blitz-power-6-belges-sur-10-pensent-quils-ne-peuvent-recharger-la-batterie-de-leur-ev-que-lorsquelle-est-quasi-vide\/#primaryimage"},"thumbnailUrl":"https:\/\/static.link2fleet.com\/wp-content\/uploads\/2024\/03\/blitz-power-scaled-1.jpeg","datePublished":"2023-06-01T09:43:35+00:00","breadcrumb":{"@id":"https:\/\/www.link2fleet.com\/fr\/enquete-blitz-power-6-belges-sur-10-pensent-quils-ne-peuvent-recharger-la-batterie-de-leur-ev-que-lorsquelle-est-quasi-vide\/#breadcrumb"},"inLanguage":"fr-FR","potentialAction":[{"@type":"ReadAction","target":["https:\/\/www.link2fleet.com\/fr\/enquete-blitz-power-6-belges-sur-10-pensent-quils-ne-peuvent-recharger-la-batterie-de-leur-ev-que-lorsquelle-est-quasi-vide\/"]}]},{"@type":"ImageObject","inLanguage":"fr-FR","@id":"https:\/\/www.link2fleet.com\/fr\/enquete-blitz-power-6-belges-sur-10-pensent-quils-ne-peuvent-recharger-la-batterie-de-leur-ev-que-lorsquelle-est-quasi-vide\/#primaryimage","url":"https:\/\/static.link2fleet.com\/wp-content\/uploads\/2024\/03\/blitz-power-scaled-1.jpeg","contentUrl":"https:\/\/static.link2fleet.com\/wp-content\/uploads\/2024\/03\/blitz-power-scaled-1.jpeg","width":2560,"height":1707},{"@type":"BreadcrumbList","@id":"https:\/\/www.link2fleet.com\/fr\/enquete-blitz-power-6-belges-sur-10-pensent-quils-ne-peuvent-recharger-la-batterie-de-leur-ev-que-lorsquelle-est-quasi-vide\/#breadcrumb","itemListElement":[{"@type":"ListItem","position":1,"name":"Home","item":"https:\/\/www.link2fleet.com\/fr\/"},{"@type":"ListItem","position":2,"name":"Enqu\u00eate Blitz Power: 6 belges sur 10 pensent qu&#8217;ils ne peuvent recharger la batterie de leur EV que lorsqu&#8217;elle est quasi vide"}]},{"@type":"WebSite","@id":"https:\/\/www.link2fleet.com\/fr\/#website","url":"https:\/\/www.link2fleet.com\/fr\/","name":"Link2fleet","description":"","publisher":{"@id":"https:\/\/www.link2fleet.com\/fr\/#organization"},"potentialAction":[{"@type":"SearchAction","target":{"@type":"EntryPoint","urlTemplate":"https:\/\/www.link2fleet.com\/fr\/?s={search_term_string}"},"query-input":{"@type":"PropertyValueSpecification","valueRequired":true,"valueName":"search_term_string"}}],"inLanguage":"fr-FR"},{"@type":"Organization","@id":"https:\/\/www.link2fleet.com\/fr\/#organization","name":"Link2fleet","url":"https:\/\/www.link2fleet.com\/fr\/","logo":{"@type":"ImageObject","inLanguage":"fr-FR","@id":"https:\/\/www.link2fleet.com\/fr\/#\/schema\/logo\/image\/","url":"https:\/\/static.link2fleet.com\/wp-content\/uploads\/2024\/03\/share-image.jpg","contentUrl":"https:\/\/static.link2fleet.com\/wp-content\/uploads\/2024\/03\/share-image.jpg","width":1200,"height":630,"caption":"Link2fleet"},"image":{"@id":"https:\/\/www.link2fleet.com\/fr\/#\/schema\/logo\/image\/"},"sameAs":["https:\/\/www.linkedin.com\/company\/link2fleet-belgium","https:\/\/www.youtube.com\/user\/MMMBMBE"]},{"@type":"Person","@id":"https:\/\/www.link2fleet.com\/fr\/#\/schema\/person\/027cd46113c78036b3809c9a054049da","name":"Damien Malvetti","image":{"@type":"ImageObject","inLanguage":"fr-FR","@id":"https:\/\/secure.gravatar.com\/avatar\/dd8cc03b49466c735f753ac37f8caa371af16dfed347456ed61f02883255eebb?s=96&d=mm&r=g","url":"https:\/\/secure.gravatar.com\/avatar\/dd8cc03b49466c735f753ac37f8caa371af16dfed347456ed61f02883255eebb?s=96&d=mm&r=g","contentUrl":"https:\/\/secure.gravatar.com\/avatar\/dd8cc03b49466c735f753ac37f8caa371af16dfed347456ed61f02883255eebb?s=96&d=mm&r=g","caption":"Damien Malvetti"},"description":"Damien Malvetti is opgeleid als journalist en gepassioneerd door wagens, technologie en mobiliteit. Hij is verantwoordelijk voor de redactionele inhoud van link2fleet en beschikt over een uitgebreide kennis van de fleet-sector en elektrische mobiliteit.","sameAs":["https:\/\/www.linkedin.com\/in\/damien-malvetti-56601142\/"]}]}},"_links":{"self":[{"href":"https:\/\/www.link2fleet.com\/fr\/wp-json\/wp\/v2\/posts\/9625","targetHints":{"allow":["GET"]}}],"collection":[{"href":"https:\/\/www.link2fleet.com\/fr\/wp-json\/wp\/v2\/posts"}],"about":[{"href":"https:\/\/www.link2fleet.com\/fr\/wp-json\/wp\/v2\/types\/post"}],"author":[{"embeddable":true,"href":"https:\/\/www.link2fleet.com\/fr\/wp-json\/wp\/v2\/users\/4"}],"replies":[{"embeddable":true,"href":"https:\/\/www.link2fleet.com\/fr\/wp-json\/wp\/v2\/comments?post=9625"}],"version-history":[{"count":0,"href":"https:\/\/www.link2fleet.com\/fr\/wp-json\/wp\/v2\/posts\/9625\/revisions"}],"wp:featuredmedia":[{"embeddable":true,"href":"https:\/\/www.link2fleet.com\/fr\/wp-json\/wp\/v2\/media\/9626"}],"wp:attachment":[{"href":"https:\/\/www.link2fleet.com\/fr\/wp-json\/wp\/v2\/media?parent=9625"}],"wp:term":[{"taxonomy":"category","embeddable":true,"href":"https:\/\/www.link2fleet.com\/fr\/wp-json\/wp\/v2\/categories?post=9625"},{"taxonomy":"post_tag","embeddable":true,"href":"https:\/\/www.link2fleet.com\/fr\/wp-json\/wp\/v2\/tags?post=9625"}],"curies":[{"name":"wp","href":"https:\/\/api.w.org\/{rel}","templated":true}]}}