{"id":9688,"date":"2023-06-09T09:08:01","date_gmt":"2023-06-09T07:08:01","guid":{"rendered":"https:\/\/www.link2fleet.com\/freddy-de-mulder-remplace-philippe-dehennin-a-la-presidence-de-febiac\/"},"modified":"2023-06-09T09:08:01","modified_gmt":"2023-06-09T07:08:01","slug":"freddy-de-mulder-remplace-philippe-dehennin-a-la-presidence-de-febiac","status":"publish","type":"post","link":"https:\/\/www.link2fleet.com\/fr\/freddy-de-mulder-remplace-philippe-dehennin-a-la-presidence-de-febiac\/","title":{"rendered":"Freddy De Mulder remplace Philippe Dehennin \u00e0 la pr\u00e9sidence de Febiac"},"content":{"rendered":"<p>Ag\u00e9 de 67 ans et d\u00e9tenteur d&rsquo;un Master en \u00e9conomie, Freddy De Mulder succ\u00e8dera \u00e0 Philippe Dehennin qui lui c\u00e9dera le relais apr\u00e8s avoir effectu\u00e9 deux mandats de trois ans (2017 \u2013 2023) \u00e0 la pr\u00e9sidence de la F\u00e9d\u00e9ration.<\/p>\n<p>Freddy De Mulder affiche un riche parcours au sein du secteur automobile, notamment aupr\u00e8s de GM et Opel Europe dont Il a dirig\u00e9 les activit\u00e9s de marketing et de vente dans la r\u00e9gion du Benelux ainsi que dans plusieurs autres pays europ\u00e9ens. Pendant cette p\u00e9riode, il a \u00e9galement \u00e9t\u00e9 tr\u00e8s actif au sein de FEBIAC. De plus, il a \u00e9t\u00e9 CEO de l&rsquo;usine Opel d&rsquo;Anvers entre 2004 et 2007.<\/p>\n<p>Quatorzi\u00e8me pr\u00e9sident de FEBIAC, Freddy De Mulder se passionne pour la mobilit\u00e9 des personnes et des marchandises, les d\u00e9placements du quotidien, les nouvelles motorisations, les mobilit\u00e9s actives, les sp\u00e9cificit\u00e9s territoriales, le d\u00e9veloppement de fili\u00e8res \u00e9conomiques ainsi que l\u2019avenir de l\u2019industrie automobile.<\/p>\n<p>Freddy De Mulder se r\u00e9jouit \u00e0 la perspective de repr\u00e9senter les positions de l\u2019industrie et de ses importateurs pour r\u00e9pondre aux d\u00e9fis \u00e9conomiques et sociaux qui touchent \u00e0 la mobilit\u00e9 z\u00e9ro carbone.<\/p>\n<p>\u00ab Je suis extr\u00eamement enthousiaste de prendre les r\u00eanes de la FEBIAC \u00e0 un moment aussi crucial pour l&rsquo;industrie automobile et du cycle. Je m&rsquo;engage \u00e0 ce que la f\u00e9d\u00e9ration travaille en \u00e9troite collaboration avec les acteurs de l&rsquo;industrie, les gouvernements, les organisations environnementales et tous ceux qui partagent notre vision commune d&rsquo;une mobilit\u00e9 qui sera de plus en plus durable et innovante, en restant accessible \u00e0 tous. En mettant en place une nouvelle dynamique entre FEBIAC et les diff\u00e9rentes parties prenantes, nous trouverons des solutions intelligentes et durables pour r\u00e9pondre aux d\u00e9fis auxquels nous sommes confront\u00e9s. \u00bb, indique Freddy De Mulder, fraichement \u00e9lu \u00e0 la pr\u00e9sidence de FEBIAC.<\/p>\n<p>Pour sa part, Philippe Dehennin deviendra pr\u00e9sident honoraire de FEBIAC, dans la continuit\u00e9 des pr\u00e9c\u00e9dents Pr\u00e9sidents de la F\u00e9d\u00e9ration. \u00ab FEBIAC a de la chance de pouvoir compter sur l\u2019engagement de Freddy De Mulder, un Pr\u00e9sident qui combine une exp\u00e9rience au sein du secteur avec une exp\u00e9rience au niveau de la f\u00e9d\u00e9ration vu qu\u2019il a \u00e9t\u00e9 tr\u00e9sorier de FEBIAC \u00bb, explique Philippe Dehennin.<\/p>\n","protected":false},"excerpt":{"rendered":"<p>Ag\u00e9 de 67 ans et d\u00e9tenteur d&rsquo;un Master en \u00e9conomie, Freddy De Mulder succ\u00e8dera \u00e0 Philippe Dehennin qui lui c\u00e9dera le relais apr\u00e8s avoir effectu\u00e9 deux mandats de trois ans (2017 \u2013 2023) \u00e0 la pr\u00e9sidence de la F\u00e9d\u00e9ration. Freddy De Mulder affiche un riche parcours au sein du secteur automobile, notamment aupr\u00e8s de GM [&hellip;]<\/p>\n","protected":false},"author":4,"featured_media":9689,"comment_status":"closed","ping_status":"closed","sticky":false,"template":"","format":"standard","meta":{"_acf_changed":false,"footnotes":""},"categories":[95,91],"tags":[],"class_list":["post-9688","post","type-post","status-publish","format-standard","has-post-thumbnail","hentry","category-organisations-professionnelles-federations-experts","category-expertise-et-management"],"acf":[],"yoast_head":"<!-- This site is optimized with the Yoast SEO plugin v27.3 - https:\/\/yoast.com\/product\/yoast-seo-wordpress\/ -->\n<title>Freddy De Mulder remplace Philippe Dehennin \u00e0 la pr\u00e9sidence de Febiac - link2fleet<\/title>\n<meta name=\"description\" content=\"L\u2019industrie automobile est engag\u00e9e dans une transition historique afin de formuler des r\u00e9ponses ad\u00e9quates aux d\u00e9fis \u00e9cologiques qu\u2019elle entend relever. L\u2019\u00e9lectrification des v\u00e9hicules, l\u2019arriv\u00e9e sur\u2026\" \/>\n<meta name=\"robots\" content=\"index, follow, max-snippet:-1, max-image-preview:large, max-video-preview:-1\" \/>\n<meta property=\"og:locale\" content=\"fr_FR\" \/>\n<meta property=\"og:type\" content=\"article\" \/>\n<meta property=\"og:title\" content=\"Freddy De Mulder remplace Philippe Dehennin \u00e0 la pr\u00e9sidence de Febiac - link2fleet\" \/>\n<meta property=\"og:description\" content=\"L\u2019industrie automobile est engag\u00e9e dans une transition historique afin de formuler des r\u00e9ponses ad\u00e9quates aux d\u00e9fis \u00e9cologiques qu\u2019elle entend relever. L\u2019\u00e9lectrification des v\u00e9hicules, l\u2019arriv\u00e9e sur\u2026\" \/>\n<meta property=\"og:url\" content=\"https:\/\/www.link2fleet.com\/fr\/freddy-de-mulder-remplace-philippe-dehennin-a-la-presidence-de-febiac\/\" \/>\n<meta property=\"og:site_name\" content=\"link2fleet\" \/>\n<meta property=\"article:published_time\" content=\"2023-06-09T07:08:01+00:00\" \/>\n<meta property=\"og:image\" content=\"https:\/\/static.link2fleet.com\/wp-content\/uploads\/2024\/03\/febiac-freddy-de-mulder.jpg\" \/>\n\t<meta property=\"og:image:width\" content=\"500\" \/>\n\t<meta property=\"og:image:height\" content=\"500\" \/>\n\t<meta property=\"og:image:type\" content=\"image\/jpeg\" \/>\n<meta name=\"author\" content=\"Damien Malvetti\" \/>\n<meta name=\"twitter:card\" content=\"summary_large_image\" \/>\n<meta name=\"twitter:description\" content=\"L\u2019industrie automobile est engag\u00e9e dans une transition historique afin de formuler des r\u00e9ponses ad\u00e9quates aux d\u00e9fis \u00e9cologiques qu\u2019elle entend relever. L\u2019\u00e9lectrification des v\u00e9hicules, l\u2019arriv\u00e9e sur\u2026\" \/>\n<meta name=\"twitter:label1\" content=\"\u00c9crit par\" \/>\n\t<meta name=\"twitter:data1\" content=\"Damien Malvetti\" \/>\n\t<meta name=\"twitter:label2\" content=\"Dur\u00e9e de lecture estim\u00e9e\" \/>\n\t<meta name=\"twitter:data2\" content=\"2 minutes\" \/>\n<script type=\"application\/ld+json\" class=\"yoast-schema-graph\">{\"@context\":\"https:\\\/\\\/schema.org\",\"@graph\":[{\"@type\":\"Article\",\"@id\":\"https:\\\/\\\/www.link2fleet.com\\\/fr\\\/freddy-de-mulder-remplace-philippe-dehennin-a-la-presidence-de-febiac\\\/#article\",\"isPartOf\":{\"@id\":\"https:\\\/\\\/www.link2fleet.com\\\/fr\\\/freddy-de-mulder-remplace-philippe-dehennin-a-la-presidence-de-febiac\\\/\"},\"author\":{\"name\":\"Damien Malvetti\",\"@id\":\"https:\\\/\\\/www.link2fleet.com\\\/fr\\\/#\\\/schema\\\/person\\\/027cd46113c78036b3809c9a054049da\"},\"headline\":\"Freddy De Mulder remplace Philippe Dehennin \u00e0 la pr\u00e9sidence de Febiac\",\"datePublished\":\"2023-06-09T07:08:01+00:00\",\"mainEntityOfPage\":{\"@id\":\"https:\\\/\\\/www.link2fleet.com\\\/fr\\\/freddy-de-mulder-remplace-philippe-dehennin-a-la-presidence-de-febiac\\\/\"},\"wordCount\":405,\"publisher\":{\"@id\":\"https:\\\/\\\/www.link2fleet.com\\\/fr\\\/#organization\"},\"image\":{\"@id\":\"https:\\\/\\\/www.link2fleet.com\\\/fr\\\/freddy-de-mulder-remplace-philippe-dehennin-a-la-presidence-de-febiac\\\/#primaryimage\"},\"thumbnailUrl\":\"https:\\\/\\\/static.link2fleet.com\\\/wp-content\\\/uploads\\\/2024\\\/03\\\/febiac-freddy-de-mulder.jpg\",\"articleSection\":[\"Expertise et f\u00e9d\u00e9rations\",\"Gestion de flotte\"],\"inLanguage\":\"fr-FR\"},{\"@type\":\"WebPage\",\"@id\":\"https:\\\/\\\/www.link2fleet.com\\\/fr\\\/freddy-de-mulder-remplace-philippe-dehennin-a-la-presidence-de-febiac\\\/\",\"url\":\"https:\\\/\\\/www.link2fleet.com\\\/fr\\\/freddy-de-mulder-remplace-philippe-dehennin-a-la-presidence-de-febiac\\\/\",\"name\":\"Freddy De Mulder remplace Philippe Dehennin \u00e0 la pr\u00e9sidence de Febiac - link2fleet\",\"isPartOf\":{\"@id\":\"https:\\\/\\\/www.link2fleet.com\\\/fr\\\/#website\"},\"primaryImageOfPage\":{\"@id\":\"https:\\\/\\\/www.link2fleet.com\\\/fr\\\/freddy-de-mulder-remplace-philippe-dehennin-a-la-presidence-de-febiac\\\/#primaryimage\"},\"image\":{\"@id\":\"https:\\\/\\\/www.link2fleet.com\\\/fr\\\/freddy-de-mulder-remplace-philippe-dehennin-a-la-presidence-de-febiac\\\/#primaryimage\"},\"thumbnailUrl\":\"https:\\\/\\\/static.link2fleet.com\\\/wp-content\\\/uploads\\\/2024\\\/03\\\/febiac-freddy-de-mulder.jpg\",\"datePublished\":\"2023-06-09T07:08:01+00:00\",\"breadcrumb\":{\"@id\":\"https:\\\/\\\/www.link2fleet.com\\\/fr\\\/freddy-de-mulder-remplace-philippe-dehennin-a-la-presidence-de-febiac\\\/#breadcrumb\"},\"inLanguage\":\"fr-FR\",\"potentialAction\":[{\"@type\":\"ReadAction\",\"target\":[\"https:\\\/\\\/www.link2fleet.com\\\/fr\\\/freddy-de-mulder-remplace-philippe-dehennin-a-la-presidence-de-febiac\\\/\"]}]},{\"@type\":\"ImageObject\",\"inLanguage\":\"fr-FR\",\"@id\":\"https:\\\/\\\/www.link2fleet.com\\\/fr\\\/freddy-de-mulder-remplace-philippe-dehennin-a-la-presidence-de-febiac\\\/#primaryimage\",\"url\":\"https:\\\/\\\/static.link2fleet.com\\\/wp-content\\\/uploads\\\/2024\\\/03\\\/febiac-freddy-de-mulder.jpg\",\"contentUrl\":\"https:\\\/\\\/static.link2fleet.com\\\/wp-content\\\/uploads\\\/2024\\\/03\\\/febiac-freddy-de-mulder.jpg\",\"width\":500,\"height\":500},{\"@type\":\"BreadcrumbList\",\"@id\":\"https:\\\/\\\/www.link2fleet.com\\\/fr\\\/freddy-de-mulder-remplace-philippe-dehennin-a-la-presidence-de-febiac\\\/#breadcrumb\",\"itemListElement\":[{\"@type\":\"ListItem\",\"position\":1,\"name\":\"Home\",\"item\":\"https:\\\/\\\/www.link2fleet.com\\\/fr\\\/\"},{\"@type\":\"ListItem\",\"position\":2,\"name\":\"Freddy De Mulder remplace Philippe Dehennin \u00e0 la pr\u00e9sidence de Febiac\"}]},{\"@type\":\"WebSite\",\"@id\":\"https:\\\/\\\/www.link2fleet.com\\\/fr\\\/#website\",\"url\":\"https:\\\/\\\/www.link2fleet.com\\\/fr\\\/\",\"name\":\"Link2fleet\",\"description\":\"\",\"publisher\":{\"@id\":\"https:\\\/\\\/www.link2fleet.com\\\/fr\\\/#organization\"},\"potentialAction\":[{\"@type\":\"SearchAction\",\"target\":{\"@type\":\"EntryPoint\",\"urlTemplate\":\"https:\\\/\\\/www.link2fleet.com\\\/fr\\\/?s={search_term_string}\"},\"query-input\":{\"@type\":\"PropertyValueSpecification\",\"valueRequired\":true,\"valueName\":\"search_term_string\"}}],\"inLanguage\":\"fr-FR\"},{\"@type\":\"Organization\",\"@id\":\"https:\\\/\\\/www.link2fleet.com\\\/fr\\\/#organization\",\"name\":\"Link2fleet\",\"url\":\"https:\\\/\\\/www.link2fleet.com\\\/fr\\\/\",\"logo\":{\"@type\":\"ImageObject\",\"inLanguage\":\"fr-FR\",\"@id\":\"https:\\\/\\\/www.link2fleet.com\\\/fr\\\/#\\\/schema\\\/logo\\\/image\\\/\",\"url\":\"https:\\\/\\\/static.link2fleet.com\\\/wp-content\\\/uploads\\\/2024\\\/03\\\/share-image.jpg\",\"contentUrl\":\"https:\\\/\\\/static.link2fleet.com\\\/wp-content\\\/uploads\\\/2024\\\/03\\\/share-image.jpg\",\"width\":1200,\"height\":630,\"caption\":\"Link2fleet\"},\"image\":{\"@id\":\"https:\\\/\\\/www.link2fleet.com\\\/fr\\\/#\\\/schema\\\/logo\\\/image\\\/\"},\"sameAs\":[\"https:\\\/\\\/www.linkedin.com\\\/company\\\/link2fleet-belgium\",\"https:\\\/\\\/www.youtube.com\\\/user\\\/MMMBMBE\"]},{\"@type\":\"Person\",\"@id\":\"https:\\\/\\\/www.link2fleet.com\\\/fr\\\/#\\\/schema\\\/person\\\/027cd46113c78036b3809c9a054049da\",\"name\":\"Damien Malvetti\",\"image\":{\"@type\":\"ImageObject\",\"inLanguage\":\"fr-FR\",\"@id\":\"https:\\\/\\\/secure.gravatar.com\\\/avatar\\\/dd8cc03b49466c735f753ac37f8caa371af16dfed347456ed61f02883255eebb?s=96&d=mm&r=g\",\"url\":\"https:\\\/\\\/secure.gravatar.com\\\/avatar\\\/dd8cc03b49466c735f753ac37f8caa371af16dfed347456ed61f02883255eebb?s=96&d=mm&r=g\",\"contentUrl\":\"https:\\\/\\\/secure.gravatar.com\\\/avatar\\\/dd8cc03b49466c735f753ac37f8caa371af16dfed347456ed61f02883255eebb?s=96&d=mm&r=g\",\"caption\":\"Damien Malvetti\"},\"description\":\"Damien Malvetti is opgeleid als journalist en gepassioneerd door wagens, technologie en mobiliteit. Hij is verantwoordelijk voor de redactionele inhoud van link2fleet en beschikt over een uitgebreide kennis van de fleet-sector en elektrische mobiliteit.\",\"sameAs\":[\"https:\\\/\\\/www.linkedin.com\\\/in\\\/damien-malvetti-56601142\\\/\"]}]}<\/script>\n<!-- \/ Yoast SEO plugin. -->","yoast_head_json":{"title":"Freddy De Mulder remplace Philippe Dehennin \u00e0 la pr\u00e9sidence de Febiac - link2fleet","description":"L\u2019industrie automobile est engag\u00e9e dans une transition historique afin de formuler des r\u00e9ponses ad\u00e9quates aux d\u00e9fis \u00e9cologiques qu\u2019elle entend relever. L\u2019\u00e9lectrification des v\u00e9hicules, l\u2019arriv\u00e9e sur\u2026","robots":{"index":"index","follow":"follow","max-snippet":"max-snippet:-1","max-image-preview":"max-image-preview:large","max-video-preview":"max-video-preview:-1"},"og_locale":"fr_FR","og_type":"article","og_title":"Freddy De Mulder remplace Philippe Dehennin \u00e0 la pr\u00e9sidence de Febiac - link2fleet","og_description":"L\u2019industrie automobile est engag\u00e9e dans une transition historique afin de formuler des r\u00e9ponses ad\u00e9quates aux d\u00e9fis \u00e9cologiques qu\u2019elle entend relever. L\u2019\u00e9lectrification des v\u00e9hicules, l\u2019arriv\u00e9e sur\u2026","og_url":"https:\/\/www.link2fleet.com\/fr\/freddy-de-mulder-remplace-philippe-dehennin-a-la-presidence-de-febiac\/","og_site_name":"link2fleet","article_published_time":"2023-06-09T07:08:01+00:00","og_image":[{"width":500,"height":500,"url":"https:\/\/static.link2fleet.com\/wp-content\/uploads\/2024\/03\/febiac-freddy-de-mulder.jpg","type":"image\/jpeg"}],"author":"Damien Malvetti","twitter_card":"summary_large_image","twitter_description":"L\u2019industrie automobile est engag\u00e9e dans une transition historique afin de formuler des r\u00e9ponses ad\u00e9quates aux d\u00e9fis \u00e9cologiques qu\u2019elle entend relever. L\u2019\u00e9lectrification des v\u00e9hicules, l\u2019arriv\u00e9e sur\u2026","twitter_misc":{"\u00c9crit par":"Damien Malvetti","Dur\u00e9e de lecture estim\u00e9e":"2 minutes"},"schema":{"@context":"https:\/\/schema.org","@graph":[{"@type":"Article","@id":"https:\/\/www.link2fleet.com\/fr\/freddy-de-mulder-remplace-philippe-dehennin-a-la-presidence-de-febiac\/#article","isPartOf":{"@id":"https:\/\/www.link2fleet.com\/fr\/freddy-de-mulder-remplace-philippe-dehennin-a-la-presidence-de-febiac\/"},"author":{"name":"Damien Malvetti","@id":"https:\/\/www.link2fleet.com\/fr\/#\/schema\/person\/027cd46113c78036b3809c9a054049da"},"headline":"Freddy De Mulder remplace Philippe Dehennin \u00e0 la pr\u00e9sidence de Febiac","datePublished":"2023-06-09T07:08:01+00:00","mainEntityOfPage":{"@id":"https:\/\/www.link2fleet.com\/fr\/freddy-de-mulder-remplace-philippe-dehennin-a-la-presidence-de-febiac\/"},"wordCount":405,"publisher":{"@id":"https:\/\/www.link2fleet.com\/fr\/#organization"},"image":{"@id":"https:\/\/www.link2fleet.com\/fr\/freddy-de-mulder-remplace-philippe-dehennin-a-la-presidence-de-febiac\/#primaryimage"},"thumbnailUrl":"https:\/\/static.link2fleet.com\/wp-content\/uploads\/2024\/03\/febiac-freddy-de-mulder.jpg","articleSection":["Expertise et f\u00e9d\u00e9rations","Gestion de flotte"],"inLanguage":"fr-FR"},{"@type":"WebPage","@id":"https:\/\/www.link2fleet.com\/fr\/freddy-de-mulder-remplace-philippe-dehennin-a-la-presidence-de-febiac\/","url":"https:\/\/www.link2fleet.com\/fr\/freddy-de-mulder-remplace-philippe-dehennin-a-la-presidence-de-febiac\/","name":"Freddy De Mulder remplace Philippe Dehennin \u00e0 la pr\u00e9sidence de Febiac - link2fleet","isPartOf":{"@id":"https:\/\/www.link2fleet.com\/fr\/#website"},"primaryImageOfPage":{"@id":"https:\/\/www.link2fleet.com\/fr\/freddy-de-mulder-remplace-philippe-dehennin-a-la-presidence-de-febiac\/#primaryimage"},"image":{"@id":"https:\/\/www.link2fleet.com\/fr\/freddy-de-mulder-remplace-philippe-dehennin-a-la-presidence-de-febiac\/#primaryimage"},"thumbnailUrl":"https:\/\/static.link2fleet.com\/wp-content\/uploads\/2024\/03\/febiac-freddy-de-mulder.jpg","datePublished":"2023-06-09T07:08:01+00:00","breadcrumb":{"@id":"https:\/\/www.link2fleet.com\/fr\/freddy-de-mulder-remplace-philippe-dehennin-a-la-presidence-de-febiac\/#breadcrumb"},"inLanguage":"fr-FR","potentialAction":[{"@type":"ReadAction","target":["https:\/\/www.link2fleet.com\/fr\/freddy-de-mulder-remplace-philippe-dehennin-a-la-presidence-de-febiac\/"]}]},{"@type":"ImageObject","inLanguage":"fr-FR","@id":"https:\/\/www.link2fleet.com\/fr\/freddy-de-mulder-remplace-philippe-dehennin-a-la-presidence-de-febiac\/#primaryimage","url":"https:\/\/static.link2fleet.com\/wp-content\/uploads\/2024\/03\/febiac-freddy-de-mulder.jpg","contentUrl":"https:\/\/static.link2fleet.com\/wp-content\/uploads\/2024\/03\/febiac-freddy-de-mulder.jpg","width":500,"height":500},{"@type":"BreadcrumbList","@id":"https:\/\/www.link2fleet.com\/fr\/freddy-de-mulder-remplace-philippe-dehennin-a-la-presidence-de-febiac\/#breadcrumb","itemListElement":[{"@type":"ListItem","position":1,"name":"Home","item":"https:\/\/www.link2fleet.com\/fr\/"},{"@type":"ListItem","position":2,"name":"Freddy De Mulder remplace Philippe Dehennin \u00e0 la pr\u00e9sidence de Febiac"}]},{"@type":"WebSite","@id":"https:\/\/www.link2fleet.com\/fr\/#website","url":"https:\/\/www.link2fleet.com\/fr\/","name":"Link2fleet","description":"","publisher":{"@id":"https:\/\/www.link2fleet.com\/fr\/#organization"},"potentialAction":[{"@type":"SearchAction","target":{"@type":"EntryPoint","urlTemplate":"https:\/\/www.link2fleet.com\/fr\/?s={search_term_string}"},"query-input":{"@type":"PropertyValueSpecification","valueRequired":true,"valueName":"search_term_string"}}],"inLanguage":"fr-FR"},{"@type":"Organization","@id":"https:\/\/www.link2fleet.com\/fr\/#organization","name":"Link2fleet","url":"https:\/\/www.link2fleet.com\/fr\/","logo":{"@type":"ImageObject","inLanguage":"fr-FR","@id":"https:\/\/www.link2fleet.com\/fr\/#\/schema\/logo\/image\/","url":"https:\/\/static.link2fleet.com\/wp-content\/uploads\/2024\/03\/share-image.jpg","contentUrl":"https:\/\/static.link2fleet.com\/wp-content\/uploads\/2024\/03\/share-image.jpg","width":1200,"height":630,"caption":"Link2fleet"},"image":{"@id":"https:\/\/www.link2fleet.com\/fr\/#\/schema\/logo\/image\/"},"sameAs":["https:\/\/www.linkedin.com\/company\/link2fleet-belgium","https:\/\/www.youtube.com\/user\/MMMBMBE"]},{"@type":"Person","@id":"https:\/\/www.link2fleet.com\/fr\/#\/schema\/person\/027cd46113c78036b3809c9a054049da","name":"Damien Malvetti","image":{"@type":"ImageObject","inLanguage":"fr-FR","@id":"https:\/\/secure.gravatar.com\/avatar\/dd8cc03b49466c735f753ac37f8caa371af16dfed347456ed61f02883255eebb?s=96&d=mm&r=g","url":"https:\/\/secure.gravatar.com\/avatar\/dd8cc03b49466c735f753ac37f8caa371af16dfed347456ed61f02883255eebb?s=96&d=mm&r=g","contentUrl":"https:\/\/secure.gravatar.com\/avatar\/dd8cc03b49466c735f753ac37f8caa371af16dfed347456ed61f02883255eebb?s=96&d=mm&r=g","caption":"Damien Malvetti"},"description":"Damien Malvetti is opgeleid als journalist en gepassioneerd door wagens, technologie en mobiliteit. Hij is verantwoordelijk voor de redactionele inhoud van link2fleet en beschikt over een uitgebreide kennis van de fleet-sector en elektrische mobiliteit.","sameAs":["https:\/\/www.linkedin.com\/in\/damien-malvetti-56601142\/"]}]}},"_links":{"self":[{"href":"https:\/\/www.link2fleet.com\/fr\/wp-json\/wp\/v2\/posts\/9688","targetHints":{"allow":["GET"]}}],"collection":[{"href":"https:\/\/www.link2fleet.com\/fr\/wp-json\/wp\/v2\/posts"}],"about":[{"href":"https:\/\/www.link2fleet.com\/fr\/wp-json\/wp\/v2\/types\/post"}],"author":[{"embeddable":true,"href":"https:\/\/www.link2fleet.com\/fr\/wp-json\/wp\/v2\/users\/4"}],"replies":[{"embeddable":true,"href":"https:\/\/www.link2fleet.com\/fr\/wp-json\/wp\/v2\/comments?post=9688"}],"version-history":[{"count":0,"href":"https:\/\/www.link2fleet.com\/fr\/wp-json\/wp\/v2\/posts\/9688\/revisions"}],"wp:featuredmedia":[{"embeddable":true,"href":"https:\/\/www.link2fleet.com\/fr\/wp-json\/wp\/v2\/media\/9689"}],"wp:attachment":[{"href":"https:\/\/www.link2fleet.com\/fr\/wp-json\/wp\/v2\/media?parent=9688"}],"wp:term":[{"taxonomy":"category","embeddable":true,"href":"https:\/\/www.link2fleet.com\/fr\/wp-json\/wp\/v2\/categories?post=9688"},{"taxonomy":"post_tag","embeddable":true,"href":"https:\/\/www.link2fleet.com\/fr\/wp-json\/wp\/v2\/tags?post=9688"}],"curies":[{"name":"wp","href":"https:\/\/api.w.org\/{rel}","templated":true}]}}