{"id":9691,"date":"2023-06-09T09:57:16","date_gmt":"2023-06-09T07:57:16","guid":{"rendered":"https:\/\/www.link2fleet.com\/les-hybrides-sont-ils-vraiment-a-banir-sur-le-plan-fiscal-apres-le-1er-juillet\/"},"modified":"2023-06-09T09:57:16","modified_gmt":"2023-06-09T07:57:16","slug":"les-hybrides-sont-ils-vraiment-a-banir-sur-le-plan-fiscal-apres-le-1er-juillet","status":"publish","type":"post","link":"https:\/\/www.link2fleet.com\/fr\/les-hybrides-sont-ils-vraiment-a-banir-sur-le-plan-fiscal-apres-le-1er-juillet\/","title":{"rendered":"Les hybrides sont-ils vraiment \u00e0 bannir sur le plan fiscal apr\u00e8s le 1er juillet\u00a0?"},"content":{"rendered":"<p style=\"font-weight: 400\">Commen\u00e7ons par un petit rappel de la fiscalit\u00e9 qui, avouons-le, n\u2019est pas simple. D\u2019abord, si vos v\u00e9hicules ont \u00e9t\u00e9 command\u00e9s avant le 1<sup>er<\/sup> janvier 2023, rien ne change pour vous, et ce pendant toute la dur\u00e9e de leur contrat\u00a0! Vous b\u00e9n\u00e9ficiez toujous bien de 100% de d\u00e9ductibilit\u00e9 sur les frais du v\u00e9hicule hybride ET sur les frais de carburant.<\/p>\n<p style=\"font-weight: 400\">Pour les v\u00e9hicules command\u00e9s entre le 1<sup>er<\/sup> janvier et le 30 juin 2023, la d\u00e9ductibilit\u00e9 des frais du v\u00e9hicule est toujours bien de 100%, mais celle des carburants fossiles (essence et diesel) a \u00e9t\u00e9 r\u00e9duite \u00e0 50%. Les frais de recharge \u00e9lectrique restent quant \u00e0 eux aussi d\u00e9ductibles \u00e0 100%. Ici encore, cette fiscalit\u00e9 est maintenue tout au long du contrat de leasing ou de la dur\u00e9e de vie du v\u00e9hicule dans votre flotte.<\/p>\n<p style=\"font-weight: 400\">C\u2019est pour les v\u00e9hicules command\u00e9s \u00e0 partir du 1<sup>er<\/sup> juillet 2023 que les choses vont changer avec une d\u00e9ductibilit\u00e9 d\u00e9gressive au fil du temps. Leur d\u00e9ductibilit\u00e9 fiscale passera d\u2019abord \u00e0 75% jusqu\u2019\u00e0 l\u2019ann\u00e9e fiscale 2025. Le carburant fossile est d\u00e9ductible \u00e0 50%, tandis que les frais de recharge restent toujours d\u00e9ductibles \u00e0 100%.<\/p>\n<p style=\"font-weight: 400\">A partir de 2026, la d\u00e9ductibilit\u00e9 passera \u00e0 un maximum de 50% en fonction des \u00e9missions de CO2 et de la capacit\u00e9 \u00e9nerg\u00e9tique de la batterie. En 2027, le maximum sera de 25% et \u00e0 partir de 2028, les v\u00e9hicules hybrides ne seront plus du tout d\u00e9ductibles fiscalement.<\/p>\n<p style=\"font-weight: 400\">Mais revenons-en \u00e0 notre question de base\u00a0: est-il fiscalement inint\u00e9ressant de commander encore des v\u00e9hicules hybrides apr\u00e8s le 1<sup>er<\/sup> juillet\u00a0? Eh bien non\u00a0! En tout cas, dans certains cas. Prenons un exemple\u00a0: si vous prenez ces v\u00e9hicules pour une dur\u00e9e de 3 ans et que vous les recevez rapidement. Le v\u00e9hicule pourra encore b\u00e9n\u00e9ficier d\u2019une d\u00e9ductibilit\u00e9 de 75% jusqu\u2019\u00e0 fin 2024. 75%, c\u2019\u00e9tait, en moyenne, la d\u00e9ductibilit\u00e9 des v\u00e9hicules \u00e0 carburants fossiles il y a encore quelques ann\u00e9es. Ce n\u2019est qu\u2019\u00e0 partir de 2026 (soit la derni\u00e8re ann\u00e9e du contrat de 3 ans) que la d\u00e9ductibilit\u00e9 sera r\u00e9duite \u00e0 50%.<\/p>\n<p style=\"font-weight: 400\">Et si vos conducteurs peuvent effectuer la majorit\u00e9 de leurs trajets en mode \u00e9lectrique, vous pourrez toujours b\u00e9n\u00e9ficier de la d\u00e9ductibilit\u00e9 \u00e0 100% sur les frais de recharge. D&rsquo;autant que de nombreux mod\u00e8les aujourd&rsquo;hui disponibles proposent jusqu&rsquo;\u00e0 100 km d&rsquo;autonomie. Et ce n\u2019est bien s\u00fbr qu\u2019un exemple. A vous d\u2019\u00e9valuer chaque situation et chaque profil de conducteur en fonction de ses besoins et de faire vos calculs.<\/p>\n","protected":false},"excerpt":{"rendered":"<p>Commen\u00e7ons par un petit rappel de la fiscalit\u00e9 qui, avouons-le, n\u2019est pas simple. D\u2019abord, si vos v\u00e9hicules ont \u00e9t\u00e9 command\u00e9s avant le 1er janvier 2023, rien ne change pour vous, et ce pendant toute la dur\u00e9e de leur contrat\u00a0! Vous b\u00e9n\u00e9ficiez toujous bien de 100% de d\u00e9ductibilit\u00e9 sur les frais du v\u00e9hicule hybride ET sur [&hellip;]<\/p>\n","protected":false},"author":4,"featured_media":9692,"comment_status":"closed","ping_status":"closed","sticky":false,"template":"","format":"standard","meta":{"_acf_changed":false,"footnotes":""},"categories":[91,101],"tags":[],"class_list":["post-9691","post","type-post","status-publish","format-standard","has-post-thumbnail","hentry","category-expertise-et-management","category-tax-legal"],"acf":[],"yoast_head":"<!-- This site is optimized with the Yoast SEO plugin v27.3 - https:\/\/yoast.com\/product\/yoast-seo-wordpress\/ -->\n<title>Les hybrides sont-ils vraiment \u00e0 bannir sur le plan fiscal apr\u00e8s le 1er juillet\u00a0? - link2fleet<\/title>\n<meta name=\"description\" content=\"Nul ne l\u2019ignore\u00a0: \u00e0 partir du 1er juillet, la d\u00e9ductibilit\u00e9 fiscale \u00e0 100% pour les v\u00e9hicules hybrides disparait. Les campagnes de communication sont nombreuses \u00e0\u2026\" \/>\n<meta name=\"robots\" content=\"index, follow, max-snippet:-1, max-image-preview:large, max-video-preview:-1\" \/>\n<meta property=\"og:locale\" content=\"fr_FR\" \/>\n<meta property=\"og:type\" content=\"article\" \/>\n<meta property=\"og:title\" content=\"Les hybrides sont-ils vraiment \u00e0 bannir sur le plan fiscal apr\u00e8s le 1er juillet\u00a0? - link2fleet\" \/>\n<meta property=\"og:description\" content=\"Nul ne l\u2019ignore\u00a0: \u00e0 partir du 1er juillet, la d\u00e9ductibilit\u00e9 fiscale \u00e0 100% pour les v\u00e9hicules hybrides disparait. Les campagnes de communication sont nombreuses \u00e0\u2026\" \/>\n<meta property=\"og:url\" content=\"https:\/\/www.link2fleet.com\/fr\/les-hybrides-sont-ils-vraiment-a-banir-sur-le-plan-fiscal-apres-le-1er-juillet\/\" \/>\n<meta property=\"og:site_name\" content=\"link2fleet\" \/>\n<meta property=\"article:published_time\" content=\"2023-06-09T07:57:16+00:00\" \/>\n<meta property=\"og:image\" content=\"https:\/\/static.link2fleet.com\/wp-content\/uploads\/2024\/03\/image-1-2.jpeg\" \/>\n\t<meta property=\"og:image:width\" content=\"1920\" \/>\n\t<meta property=\"og:image:height\" content=\"1080\" \/>\n\t<meta property=\"og:image:type\" content=\"image\/jpeg\" \/>\n<meta name=\"author\" content=\"Damien Malvetti\" \/>\n<meta name=\"twitter:card\" content=\"summary_large_image\" \/>\n<meta name=\"twitter:description\" content=\"Nul ne l\u2019ignore\u00a0: \u00e0 partir du 1er juillet, la d\u00e9ductibilit\u00e9 fiscale \u00e0 100% pour les v\u00e9hicules hybrides disparait. Les campagnes de communication sont nombreuses \u00e0\u2026\" \/>\n<meta name=\"twitter:label1\" content=\"\u00c9crit par\" \/>\n\t<meta name=\"twitter:data1\" content=\"Damien Malvetti\" \/>\n\t<meta name=\"twitter:label2\" content=\"Dur\u00e9e de lecture estim\u00e9e\" \/>\n\t<meta name=\"twitter:data2\" content=\"2 minutes\" \/>\n<script type=\"application\/ld+json\" class=\"yoast-schema-graph\">{\"@context\":\"https:\\\/\\\/schema.org\",\"@graph\":[{\"@type\":\"Article\",\"@id\":\"https:\\\/\\\/www.link2fleet.com\\\/fr\\\/les-hybrides-sont-ils-vraiment-a-banir-sur-le-plan-fiscal-apres-le-1er-juillet\\\/#article\",\"isPartOf\":{\"@id\":\"https:\\\/\\\/www.link2fleet.com\\\/fr\\\/les-hybrides-sont-ils-vraiment-a-banir-sur-le-plan-fiscal-apres-le-1er-juillet\\\/\"},\"author\":{\"name\":\"Damien Malvetti\",\"@id\":\"https:\\\/\\\/www.link2fleet.com\\\/fr\\\/#\\\/schema\\\/person\\\/027cd46113c78036b3809c9a054049da\"},\"headline\":\"Les hybrides sont-ils vraiment \u00e0 bannir sur le plan fiscal apr\u00e8s le 1er juillet\u00a0?\",\"datePublished\":\"2023-06-09T07:57:16+00:00\",\"mainEntityOfPage\":{\"@id\":\"https:\\\/\\\/www.link2fleet.com\\\/fr\\\/les-hybrides-sont-ils-vraiment-a-banir-sur-le-plan-fiscal-apres-le-1er-juillet\\\/\"},\"wordCount\":439,\"publisher\":{\"@id\":\"https:\\\/\\\/www.link2fleet.com\\\/fr\\\/#organization\"},\"image\":{\"@id\":\"https:\\\/\\\/www.link2fleet.com\\\/fr\\\/les-hybrides-sont-ils-vraiment-a-banir-sur-le-plan-fiscal-apres-le-1er-juillet\\\/#primaryimage\"},\"thumbnailUrl\":\"https:\\\/\\\/static.link2fleet.com\\\/wp-content\\\/uploads\\\/2024\\\/03\\\/image-1-2.jpeg\",\"articleSection\":[\"Gestion de flotte\",\"Tax &amp; legal\"],\"inLanguage\":\"fr-FR\"},{\"@type\":\"WebPage\",\"@id\":\"https:\\\/\\\/www.link2fleet.com\\\/fr\\\/les-hybrides-sont-ils-vraiment-a-banir-sur-le-plan-fiscal-apres-le-1er-juillet\\\/\",\"url\":\"https:\\\/\\\/www.link2fleet.com\\\/fr\\\/les-hybrides-sont-ils-vraiment-a-banir-sur-le-plan-fiscal-apres-le-1er-juillet\\\/\",\"name\":\"Les hybrides sont-ils vraiment \u00e0 bannir sur le plan fiscal apr\u00e8s le 1er juillet\u00a0? - link2fleet\",\"isPartOf\":{\"@id\":\"https:\\\/\\\/www.link2fleet.com\\\/fr\\\/#website\"},\"primaryImageOfPage\":{\"@id\":\"https:\\\/\\\/www.link2fleet.com\\\/fr\\\/les-hybrides-sont-ils-vraiment-a-banir-sur-le-plan-fiscal-apres-le-1er-juillet\\\/#primaryimage\"},\"image\":{\"@id\":\"https:\\\/\\\/www.link2fleet.com\\\/fr\\\/les-hybrides-sont-ils-vraiment-a-banir-sur-le-plan-fiscal-apres-le-1er-juillet\\\/#primaryimage\"},\"thumbnailUrl\":\"https:\\\/\\\/static.link2fleet.com\\\/wp-content\\\/uploads\\\/2024\\\/03\\\/image-1-2.jpeg\",\"datePublished\":\"2023-06-09T07:57:16+00:00\",\"breadcrumb\":{\"@id\":\"https:\\\/\\\/www.link2fleet.com\\\/fr\\\/les-hybrides-sont-ils-vraiment-a-banir-sur-le-plan-fiscal-apres-le-1er-juillet\\\/#breadcrumb\"},\"inLanguage\":\"fr-FR\",\"potentialAction\":[{\"@type\":\"ReadAction\",\"target\":[\"https:\\\/\\\/www.link2fleet.com\\\/fr\\\/les-hybrides-sont-ils-vraiment-a-banir-sur-le-plan-fiscal-apres-le-1er-juillet\\\/\"]}]},{\"@type\":\"ImageObject\",\"inLanguage\":\"fr-FR\",\"@id\":\"https:\\\/\\\/www.link2fleet.com\\\/fr\\\/les-hybrides-sont-ils-vraiment-a-banir-sur-le-plan-fiscal-apres-le-1er-juillet\\\/#primaryimage\",\"url\":\"https:\\\/\\\/static.link2fleet.com\\\/wp-content\\\/uploads\\\/2024\\\/03\\\/image-1-2.jpeg\",\"contentUrl\":\"https:\\\/\\\/static.link2fleet.com\\\/wp-content\\\/uploads\\\/2024\\\/03\\\/image-1-2.jpeg\",\"width\":1920,\"height\":1080},{\"@type\":\"BreadcrumbList\",\"@id\":\"https:\\\/\\\/www.link2fleet.com\\\/fr\\\/les-hybrides-sont-ils-vraiment-a-banir-sur-le-plan-fiscal-apres-le-1er-juillet\\\/#breadcrumb\",\"itemListElement\":[{\"@type\":\"ListItem\",\"position\":1,\"name\":\"Home\",\"item\":\"https:\\\/\\\/www.link2fleet.com\\\/fr\\\/\"},{\"@type\":\"ListItem\",\"position\":2,\"name\":\"Les hybrides sont-ils vraiment \u00e0 bannir sur le plan fiscal apr\u00e8s le 1er juillet\u00a0?\"}]},{\"@type\":\"WebSite\",\"@id\":\"https:\\\/\\\/www.link2fleet.com\\\/fr\\\/#website\",\"url\":\"https:\\\/\\\/www.link2fleet.com\\\/fr\\\/\",\"name\":\"Link2fleet\",\"description\":\"\",\"publisher\":{\"@id\":\"https:\\\/\\\/www.link2fleet.com\\\/fr\\\/#organization\"},\"potentialAction\":[{\"@type\":\"SearchAction\",\"target\":{\"@type\":\"EntryPoint\",\"urlTemplate\":\"https:\\\/\\\/www.link2fleet.com\\\/fr\\\/?s={search_term_string}\"},\"query-input\":{\"@type\":\"PropertyValueSpecification\",\"valueRequired\":true,\"valueName\":\"search_term_string\"}}],\"inLanguage\":\"fr-FR\"},{\"@type\":\"Organization\",\"@id\":\"https:\\\/\\\/www.link2fleet.com\\\/fr\\\/#organization\",\"name\":\"Link2fleet\",\"url\":\"https:\\\/\\\/www.link2fleet.com\\\/fr\\\/\",\"logo\":{\"@type\":\"ImageObject\",\"inLanguage\":\"fr-FR\",\"@id\":\"https:\\\/\\\/www.link2fleet.com\\\/fr\\\/#\\\/schema\\\/logo\\\/image\\\/\",\"url\":\"https:\\\/\\\/static.link2fleet.com\\\/wp-content\\\/uploads\\\/2024\\\/03\\\/share-image.jpg\",\"contentUrl\":\"https:\\\/\\\/static.link2fleet.com\\\/wp-content\\\/uploads\\\/2024\\\/03\\\/share-image.jpg\",\"width\":1200,\"height\":630,\"caption\":\"Link2fleet\"},\"image\":{\"@id\":\"https:\\\/\\\/www.link2fleet.com\\\/fr\\\/#\\\/schema\\\/logo\\\/image\\\/\"},\"sameAs\":[\"https:\\\/\\\/www.linkedin.com\\\/company\\\/link2fleet-belgium\",\"https:\\\/\\\/www.youtube.com\\\/user\\\/MMMBMBE\"]},{\"@type\":\"Person\",\"@id\":\"https:\\\/\\\/www.link2fleet.com\\\/fr\\\/#\\\/schema\\\/person\\\/027cd46113c78036b3809c9a054049da\",\"name\":\"Damien Malvetti\",\"image\":{\"@type\":\"ImageObject\",\"inLanguage\":\"fr-FR\",\"@id\":\"https:\\\/\\\/secure.gravatar.com\\\/avatar\\\/dd8cc03b49466c735f753ac37f8caa371af16dfed347456ed61f02883255eebb?s=96&d=mm&r=g\",\"url\":\"https:\\\/\\\/secure.gravatar.com\\\/avatar\\\/dd8cc03b49466c735f753ac37f8caa371af16dfed347456ed61f02883255eebb?s=96&d=mm&r=g\",\"contentUrl\":\"https:\\\/\\\/secure.gravatar.com\\\/avatar\\\/dd8cc03b49466c735f753ac37f8caa371af16dfed347456ed61f02883255eebb?s=96&d=mm&r=g\",\"caption\":\"Damien Malvetti\"},\"description\":\"Damien Malvetti is opgeleid als journalist en gepassioneerd door wagens, technologie en mobiliteit. Hij is verantwoordelijk voor de redactionele inhoud van link2fleet en beschikt over een uitgebreide kennis van de fleet-sector en elektrische mobiliteit.\",\"sameAs\":[\"https:\\\/\\\/www.linkedin.com\\\/in\\\/damien-malvetti-56601142\\\/\"]}]}<\/script>\n<!-- \/ Yoast SEO plugin. -->","yoast_head_json":{"title":"Les hybrides sont-ils vraiment \u00e0 bannir sur le plan fiscal apr\u00e8s le 1er juillet\u00a0? - link2fleet","description":"Nul ne l\u2019ignore\u00a0: \u00e0 partir du 1er juillet, la d\u00e9ductibilit\u00e9 fiscale \u00e0 100% pour les v\u00e9hicules hybrides disparait. Les campagnes de communication sont nombreuses \u00e0\u2026","robots":{"index":"index","follow":"follow","max-snippet":"max-snippet:-1","max-image-preview":"max-image-preview:large","max-video-preview":"max-video-preview:-1"},"og_locale":"fr_FR","og_type":"article","og_title":"Les hybrides sont-ils vraiment \u00e0 bannir sur le plan fiscal apr\u00e8s le 1er juillet\u00a0? - link2fleet","og_description":"Nul ne l\u2019ignore\u00a0: \u00e0 partir du 1er juillet, la d\u00e9ductibilit\u00e9 fiscale \u00e0 100% pour les v\u00e9hicules hybrides disparait. Les campagnes de communication sont nombreuses \u00e0\u2026","og_url":"https:\/\/www.link2fleet.com\/fr\/les-hybrides-sont-ils-vraiment-a-banir-sur-le-plan-fiscal-apres-le-1er-juillet\/","og_site_name":"link2fleet","article_published_time":"2023-06-09T07:57:16+00:00","og_image":[{"width":1920,"height":1080,"url":"https:\/\/static.link2fleet.com\/wp-content\/uploads\/2024\/03\/image-1-2.jpeg","type":"image\/jpeg"}],"author":"Damien Malvetti","twitter_card":"summary_large_image","twitter_description":"Nul ne l\u2019ignore\u00a0: \u00e0 partir du 1er juillet, la d\u00e9ductibilit\u00e9 fiscale \u00e0 100% pour les v\u00e9hicules hybrides disparait. Les campagnes de communication sont nombreuses \u00e0\u2026","twitter_misc":{"\u00c9crit par":"Damien Malvetti","Dur\u00e9e de lecture estim\u00e9e":"2 minutes"},"schema":{"@context":"https:\/\/schema.org","@graph":[{"@type":"Article","@id":"https:\/\/www.link2fleet.com\/fr\/les-hybrides-sont-ils-vraiment-a-banir-sur-le-plan-fiscal-apres-le-1er-juillet\/#article","isPartOf":{"@id":"https:\/\/www.link2fleet.com\/fr\/les-hybrides-sont-ils-vraiment-a-banir-sur-le-plan-fiscal-apres-le-1er-juillet\/"},"author":{"name":"Damien Malvetti","@id":"https:\/\/www.link2fleet.com\/fr\/#\/schema\/person\/027cd46113c78036b3809c9a054049da"},"headline":"Les hybrides sont-ils vraiment \u00e0 bannir sur le plan fiscal apr\u00e8s le 1er juillet\u00a0?","datePublished":"2023-06-09T07:57:16+00:00","mainEntityOfPage":{"@id":"https:\/\/www.link2fleet.com\/fr\/les-hybrides-sont-ils-vraiment-a-banir-sur-le-plan-fiscal-apres-le-1er-juillet\/"},"wordCount":439,"publisher":{"@id":"https:\/\/www.link2fleet.com\/fr\/#organization"},"image":{"@id":"https:\/\/www.link2fleet.com\/fr\/les-hybrides-sont-ils-vraiment-a-banir-sur-le-plan-fiscal-apres-le-1er-juillet\/#primaryimage"},"thumbnailUrl":"https:\/\/static.link2fleet.com\/wp-content\/uploads\/2024\/03\/image-1-2.jpeg","articleSection":["Gestion de flotte","Tax &amp; legal"],"inLanguage":"fr-FR"},{"@type":"WebPage","@id":"https:\/\/www.link2fleet.com\/fr\/les-hybrides-sont-ils-vraiment-a-banir-sur-le-plan-fiscal-apres-le-1er-juillet\/","url":"https:\/\/www.link2fleet.com\/fr\/les-hybrides-sont-ils-vraiment-a-banir-sur-le-plan-fiscal-apres-le-1er-juillet\/","name":"Les hybrides sont-ils vraiment \u00e0 bannir sur le plan fiscal apr\u00e8s le 1er juillet\u00a0? - link2fleet","isPartOf":{"@id":"https:\/\/www.link2fleet.com\/fr\/#website"},"primaryImageOfPage":{"@id":"https:\/\/www.link2fleet.com\/fr\/les-hybrides-sont-ils-vraiment-a-banir-sur-le-plan-fiscal-apres-le-1er-juillet\/#primaryimage"},"image":{"@id":"https:\/\/www.link2fleet.com\/fr\/les-hybrides-sont-ils-vraiment-a-banir-sur-le-plan-fiscal-apres-le-1er-juillet\/#primaryimage"},"thumbnailUrl":"https:\/\/static.link2fleet.com\/wp-content\/uploads\/2024\/03\/image-1-2.jpeg","datePublished":"2023-06-09T07:57:16+00:00","breadcrumb":{"@id":"https:\/\/www.link2fleet.com\/fr\/les-hybrides-sont-ils-vraiment-a-banir-sur-le-plan-fiscal-apres-le-1er-juillet\/#breadcrumb"},"inLanguage":"fr-FR","potentialAction":[{"@type":"ReadAction","target":["https:\/\/www.link2fleet.com\/fr\/les-hybrides-sont-ils-vraiment-a-banir-sur-le-plan-fiscal-apres-le-1er-juillet\/"]}]},{"@type":"ImageObject","inLanguage":"fr-FR","@id":"https:\/\/www.link2fleet.com\/fr\/les-hybrides-sont-ils-vraiment-a-banir-sur-le-plan-fiscal-apres-le-1er-juillet\/#primaryimage","url":"https:\/\/static.link2fleet.com\/wp-content\/uploads\/2024\/03\/image-1-2.jpeg","contentUrl":"https:\/\/static.link2fleet.com\/wp-content\/uploads\/2024\/03\/image-1-2.jpeg","width":1920,"height":1080},{"@type":"BreadcrumbList","@id":"https:\/\/www.link2fleet.com\/fr\/les-hybrides-sont-ils-vraiment-a-banir-sur-le-plan-fiscal-apres-le-1er-juillet\/#breadcrumb","itemListElement":[{"@type":"ListItem","position":1,"name":"Home","item":"https:\/\/www.link2fleet.com\/fr\/"},{"@type":"ListItem","position":2,"name":"Les hybrides sont-ils vraiment \u00e0 bannir sur le plan fiscal apr\u00e8s le 1er juillet\u00a0?"}]},{"@type":"WebSite","@id":"https:\/\/www.link2fleet.com\/fr\/#website","url":"https:\/\/www.link2fleet.com\/fr\/","name":"Link2fleet","description":"","publisher":{"@id":"https:\/\/www.link2fleet.com\/fr\/#organization"},"potentialAction":[{"@type":"SearchAction","target":{"@type":"EntryPoint","urlTemplate":"https:\/\/www.link2fleet.com\/fr\/?s={search_term_string}"},"query-input":{"@type":"PropertyValueSpecification","valueRequired":true,"valueName":"search_term_string"}}],"inLanguage":"fr-FR"},{"@type":"Organization","@id":"https:\/\/www.link2fleet.com\/fr\/#organization","name":"Link2fleet","url":"https:\/\/www.link2fleet.com\/fr\/","logo":{"@type":"ImageObject","inLanguage":"fr-FR","@id":"https:\/\/www.link2fleet.com\/fr\/#\/schema\/logo\/image\/","url":"https:\/\/static.link2fleet.com\/wp-content\/uploads\/2024\/03\/share-image.jpg","contentUrl":"https:\/\/static.link2fleet.com\/wp-content\/uploads\/2024\/03\/share-image.jpg","width":1200,"height":630,"caption":"Link2fleet"},"image":{"@id":"https:\/\/www.link2fleet.com\/fr\/#\/schema\/logo\/image\/"},"sameAs":["https:\/\/www.linkedin.com\/company\/link2fleet-belgium","https:\/\/www.youtube.com\/user\/MMMBMBE"]},{"@type":"Person","@id":"https:\/\/www.link2fleet.com\/fr\/#\/schema\/person\/027cd46113c78036b3809c9a054049da","name":"Damien Malvetti","image":{"@type":"ImageObject","inLanguage":"fr-FR","@id":"https:\/\/secure.gravatar.com\/avatar\/dd8cc03b49466c735f753ac37f8caa371af16dfed347456ed61f02883255eebb?s=96&d=mm&r=g","url":"https:\/\/secure.gravatar.com\/avatar\/dd8cc03b49466c735f753ac37f8caa371af16dfed347456ed61f02883255eebb?s=96&d=mm&r=g","contentUrl":"https:\/\/secure.gravatar.com\/avatar\/dd8cc03b49466c735f753ac37f8caa371af16dfed347456ed61f02883255eebb?s=96&d=mm&r=g","caption":"Damien Malvetti"},"description":"Damien Malvetti is opgeleid als journalist en gepassioneerd door wagens, technologie en mobiliteit. Hij is verantwoordelijk voor de redactionele inhoud van link2fleet en beschikt over een uitgebreide kennis van de fleet-sector en elektrische mobiliteit.","sameAs":["https:\/\/www.linkedin.com\/in\/damien-malvetti-56601142\/"]}]}},"_links":{"self":[{"href":"https:\/\/www.link2fleet.com\/fr\/wp-json\/wp\/v2\/posts\/9691","targetHints":{"allow":["GET"]}}],"collection":[{"href":"https:\/\/www.link2fleet.com\/fr\/wp-json\/wp\/v2\/posts"}],"about":[{"href":"https:\/\/www.link2fleet.com\/fr\/wp-json\/wp\/v2\/types\/post"}],"author":[{"embeddable":true,"href":"https:\/\/www.link2fleet.com\/fr\/wp-json\/wp\/v2\/users\/4"}],"replies":[{"embeddable":true,"href":"https:\/\/www.link2fleet.com\/fr\/wp-json\/wp\/v2\/comments?post=9691"}],"version-history":[{"count":0,"href":"https:\/\/www.link2fleet.com\/fr\/wp-json\/wp\/v2\/posts\/9691\/revisions"}],"wp:featuredmedia":[{"embeddable":true,"href":"https:\/\/www.link2fleet.com\/fr\/wp-json\/wp\/v2\/media\/9692"}],"wp:attachment":[{"href":"https:\/\/www.link2fleet.com\/fr\/wp-json\/wp\/v2\/media?parent=9691"}],"wp:term":[{"taxonomy":"category","embeddable":true,"href":"https:\/\/www.link2fleet.com\/fr\/wp-json\/wp\/v2\/categories?post=9691"},{"taxonomy":"post_tag","embeddable":true,"href":"https:\/\/www.link2fleet.com\/fr\/wp-json\/wp\/v2\/tags?post=9691"}],"curies":[{"name":"wp","href":"https:\/\/api.w.org\/{rel}","templated":true}]}}