{"id":9703,"date":"2023-06-20T13:40:17","date_gmt":"2023-06-20T11:40:17","guid":{"rendered":"https:\/\/www.link2fleet.com\/fleet-test-jeep-avenger-on-a-teste-la-car-of-the-year-2023\/"},"modified":"2023-06-20T13:40:17","modified_gmt":"2023-06-20T11:40:17","slug":"fleet-test-jeep-avenger-on-a-teste-la-car-of-the-year-2023","status":"publish","type":"post","link":"https:\/\/www.link2fleet.com\/fr\/fleet-test-jeep-avenger-on-a-teste-la-car-of-the-year-2023\/","title":{"rendered":"Fleet test Jeep Avenger: On a test\u00e9 la Car of the Year 2023"},"content":{"rendered":"<p style=\"font-weight: 400;\">Une voiture \u00e9lectrique au sein de la gamme Jeep, on aurait encore eu du mal \u00e0 y croire voici quelques ann\u00e9es. Mais les objectifs en mati\u00e8re de r\u00e9duction d\u2019empreinte carbone ne laissent plus d\u2019autres choix aux constructeurs que d\u2019investir dans les motorisations alternatives. Jeep propose depuis quelques ann\u00e9es d\u00e9j\u00e0 des mod\u00e8les \u00e9quip\u00e9s d\u2019une motorisation hybride et celles-ci repr\u00e9sentaient en 2022 60% des ventes de la marque en Europe et m\u00eame 61% en Belgique. \u00ab\u00a0L\u2019arriv\u00e9e du PHEV a fait basculer Jeep du march\u00e9 B2C vers le march\u00e9 B2B. Aujourd&rsquo;hui, la majorit\u00e9 de nos ventes se font \u00e0 des clients B2B\u00a0\u00bb, pr\u00e9cise Patrice Duclos &#8211; Managing Director de Jeep Belux.<\/p>\n<p style=\"font-weight: 400;\">Avec l\u2019arriv\u00e9e de l\u2019Avenger, la marque va tenter de confirmer cette tendance, mais aussi de toucher une client\u00e8le plus jeune. \u00ab\u00a0L\u2019Avenger a remport\u00e9 pas mal de prix depuis son lancement et se positionne dans le segment b-Suv, soit le 2<sup>e<\/sup> plus grand segment en termes de ventes en Europe. Les clients qui ont d\u00e9j\u00e0 command\u00e9 le v\u00e9hicule sont g\u00e9n\u00e9ralement des clients plus jeunes que la client\u00e8le habituelle de Jeep\u00a0\u00bb, souligne Emmanuel Scheenaerts, Marketing Director de Jeep Belux. Le v\u00e9hicule est con\u00e7u et fabriqu\u00e9 en Europe et a \u00e9t\u00e9 pens\u00e9 pour le public local. Il pr\u00e9sente une autonomie de 400 et m\u00eame jusqu\u2019\u00e0 550 km en ville et toutes les versions sont \u00e9quip\u00e9es de la recharge rapide.<\/p>\n<p><a href=\"https:\/\/www.link2fleet.com\/wp-content\/uploads\/2023\/06\/Jeep-Avenger_4.jpeg\"><img loading=\"lazy\" decoding=\"async\" class=\"aligncenter wp-image-1293510 size-large\" src=\"https:\/\/www.link2fleet.com\/wp-content\/uploads\/2023\/06\/Jeep-Avenger_4-1024x488.jpeg\" alt=\"\" width=\"640\" height=\"305\" \/><\/a><\/p>\n<p>&nbsp;<\/p>\n<p><strong>Une vraie Jeep<\/strong><\/p>\n<p style=\"font-weight: 400;\"><a href=\"https:\/\/www.link2fleet.com\/wp-content\/uploads\/2023\/06\/Jeep-Avenger_1.jpeg\"><img loading=\"lazy\" decoding=\"async\" class=\"alignright size-medium wp-image-1293516\" src=\"https:\/\/www.link2fleet.com\/wp-content\/uploads\/2023\/06\/Jeep-Avenger_1-300x169.jpeg\" alt=\"\" width=\"300\" height=\"169\" \/><\/a>C\u00f4t\u00e9 look, l\u2019Avenger arbore toutes les caract\u00e9ristiques d\u2019une Jeep mais dans un format plus compact \u2013 elle ne fait que 4,08 m. Elle a \u00e9t\u00e9 pens\u00e9e pour r\u00e9duire les co\u00fbts lors de petits accrochages gr\u00e2ce, par exemple, \u00e0 des protections des feux avant, des bas des boucliers teint\u00e9s dans la masse, etc.<\/p>\n<p style=\"font-weight: 400;\">L\u2019habitacle est plut\u00f4t bien con\u00e7u, m\u00eame si on regrette un usage g\u00e9n\u00e9ralis\u00e9 de plastiques durs, y compris sur le haut du tableau de bord. Tableau de bord qui est d\u2019ailleurs assez \u00e9pur\u00e9 et basique \u00e0 l\u2019image des mod\u00e8les Jeep d\u2019antan. Le syst\u00e8me d\u2019infotainment et l\u2019instrumentation digitale b\u00e9n\u00e9ficient tous les deux d\u2019un \u00e9cran de 10,25 pouces. Diff\u00e9rents espaces de rangement permettent de proposer jusqu\u2019\u00e0 34 litres de chargement d\u2019objets divers. Le coffre cubique offre lui jusqu\u2019\u00e0 355 litres, un seuil d\u2019acc\u00e8s bas et une ouverture d\u20191 m\u00e8tre en largeur.<\/p>\n<p>&nbsp;<\/p>\n<p style=\"font-weight: 400;\"><strong>Pas un vrai 4&#215;4 mais\u2026<\/strong><\/p>\n<p style=\"font-weight: 400;\"><a href=\"https:\/\/www.link2fleet.com\/wp-content\/uploads\/2023\/06\/Jeep-Avenger_3.jpg\"><img loading=\"lazy\" decoding=\"async\" class=\"size-medium wp-image-1293512 alignleft\" src=\"https:\/\/www.link2fleet.com\/wp-content\/uploads\/2023\/06\/Jeep-Avenger_3-300x200.jpg\" alt=\"\" width=\"300\" height=\"200\" \/><\/a>La Jeep Avenger n\u2019a pas la pr\u00e9tention d\u2019\u00eatre un vrai v\u00e9hicule tous terrains. C\u2019est une traction avant, mais elle s\u2019\u00e9quipe tout de m\u00eame du select terrain qui adapte sa motricit\u00e9 en fonction des conditions de la route et du Hill Descent Control qui facilite les descentes.<\/p>\n<p style=\"font-weight: 400;\">A l\u2019usage, la Jeep Avenger se montre plut\u00f4t efficace. Son moteur 115 kW (156 ch) fait parfaitement le job. La direction se montre pr\u00e9cise et la voiture fait montre d\u2019une belle tenue de route. On ressent un petit quelque chose de Peugeot \u00e0 son volant, pas \u00e9tonnant quand on sait qu\u2019il partage sa plateforme avec la e-2008. Attention toutefois \u00e0 la prise de roulis si vous lui en demandez un peu trop. Mais l\u2019Avenger n\u2019est pas vraiment fait pour la conduite dynamique. Si vous l\u2019utiliser efficacement, vous pourrez relever une consommation moyenne de moins de 16 kWh\/100 km comme lors de notre essai. Seul petit b\u00e9mol\u00a0: il ne pr\u00e9sente pas diff\u00e9rents modes de r\u00e9cup\u00e9ration d\u2019\u00e9nergie, seulement un mode B sur la boite de vitesse automatique qui permet de r\u00e9cup\u00e9rer un peu d\u2019autonomie en roulant.<\/p>\n<p>&nbsp;<\/p>\n<p><strong>Bilan fleet<\/strong><\/p>\n<p>Premier mod\u00e8le full \u00e9lectrique de Jeep, l&rsquo;Avenger a plus d&rsquo;un atout dans son sac pour convaincre les clients fleet. D&rsquo;abord son format compact, ensuite son autonomie qui d\u00e9passe les 400 km et surtout sa sobri\u00e9t\u00e9 exemplaire. Son tarif est certes un peu \u00e9lev\u00e9 mais il offre une belle alternative aux Peugeot e-2008 ou Opel Mokka-e ou m\u00eame Hyundai Kona, tout en proposant un look \u00ab\u00a0100% Jeep\u00a0\u00bb qui saura ravir les aficionados de la marque.<\/p>\n<p>&nbsp;<\/p>\n<table style=\"font-weight: 400;\">\n<tbody>\n<tr>\n<td colspan=\"2\" width=\"604\"><strong>Jeep Avenger<\/strong><\/td>\n<\/tr>\n<tr>\n<td width=\"302\">Puissance moteur<\/td>\n<td width=\"302\">156 ch<\/td>\n<\/tr>\n<tr>\n<td width=\"302\">Batterie<\/td>\n<td width=\"302\">54 kWh<\/td>\n<\/tr>\n<tr>\n<td width=\"302\">Autonomie (WLTP)<\/td>\n<td width=\"302\">408 km<\/td>\n<\/tr>\n<tr>\n<td width=\"302\">Volume du coffre<\/td>\n<td width=\"302\">355 l<\/td>\n<\/tr>\n<tr>\n<td width=\"302\">Consommation moyenne relev\u00e9e<\/td>\n<td width=\"302\">15,4 kWh\/100 km<\/td>\n<\/tr>\n<tr>\n<td width=\"302\">Vitesse maximale<\/td>\n<td width=\"302\">160 km\/h<\/td>\n<\/tr>\n<\/tbody>\n<\/table>\n<table style=\"font-weight: 400;\">\n<tbody>\n<tr>\n<td width=\"302\">Prix de base HTVA<\/td>\n<td width=\"302\">31.818,18\u00a0\u20ac<\/td>\n<\/tr>\n<tr>\n<td width=\"302\">Prix de base TVAC<\/td>\n<td width=\"302\">38.500 \u20ac<\/td>\n<\/tr>\n<tr>\n<td width=\"302\">TMC (Bruxelles, Wallonie, Leasing)<\/td>\n<td width=\"302\">61,5 \u20ac<\/td>\n<\/tr>\n<tr>\n<td width=\"302\">BIV (Flandre)<\/td>\n<td width=\"302\">0 \u20ac<\/td>\n<\/tr>\n<tr>\n<td width=\"302\">Taxe de roulage (Bruxelles, Wallonie, Leasing)<\/td>\n<td width=\"302\">92,93 \u20ac<\/td>\n<\/tr>\n<tr>\n<td width=\"302\">Taxe de roulage (Flandre)<\/td>\n<td width=\"302\">0 \u20ac<\/td>\n<\/tr>\n<tr>\n<td width=\"302\">ATN utilisateur<\/td>\n<td width=\"302\">1.540 \u20ac\/an<\/td>\n<\/tr>\n<tr>\n<td width=\"302\">ATN employeur<\/td>\n<td width=\"302\">154 \u20ac\/an<\/td>\n<\/tr>\n<tr>\n<td width=\"302\">D\u00e9penses non-admises<\/td>\n<td width=\"302\">616 \u20ac<\/td>\n<\/tr>\n<tr>\n<td width=\"302\">Cotisation CO2<\/td>\n<td width=\"302\">31,34 \u20ac<\/td>\n<\/tr>\n<\/tbody>\n<\/table>\n<p style=\"font-weight: 400;\">\n\n","protected":false},"excerpt":{"rendered":"<p>Une voiture \u00e9lectrique au sein de la gamme Jeep, on aurait encore eu du mal \u00e0 y croire voici quelques ann\u00e9es. Mais les objectifs en mati\u00e8re de r\u00e9duction d\u2019empreinte carbone ne laissent plus d\u2019autres choix aux constructeurs que d\u2019investir dans les motorisations alternatives. Jeep propose depuis quelques ann\u00e9es d\u00e9j\u00e0 des mod\u00e8les \u00e9quip\u00e9s d\u2019une motorisation hybride [&hellip;]<\/p>\n","protected":false},"author":4,"featured_media":9704,"comment_status":"closed","ping_status":"closed","sticky":false,"template":"","format":"standard","meta":{"_acf_changed":false,"footnotes":""},"categories":[77,76],"tags":[],"class_list":["post-9703","post","type-post","status-publish","format-standard","has-post-thumbnail","hentry","category-importateurs-et-constructeurs-automobiles-vp","category-car"],"acf":[],"yoast_head":"<!-- This site is optimized with the Yoast SEO plugin v27.3 - https:\/\/yoast.com\/product\/yoast-seo-wordpress\/ -->\n<title>Fleet test Jeep Avenger: On a test\u00e9 la Car of the Year 2023 - link2fleet<\/title>\n<meta name=\"description\" content=\"Elue Car of the Year 2023 lors du Salon de Bruxelles en janvier dernier, la Jeep Avenger est la premi\u00e8re Jeep 100% \u00e9lectrique. Un mod\u00e8le\u2026\" \/>\n<meta name=\"robots\" content=\"index, follow, max-snippet:-1, max-image-preview:large, max-video-preview:-1\" \/>\n<meta property=\"og:locale\" content=\"fr_FR\" \/>\n<meta property=\"og:type\" content=\"article\" \/>\n<meta property=\"og:title\" content=\"Fleet test Jeep Avenger: On a test\u00e9 la Car of the Year 2023 - link2fleet\" \/>\n<meta property=\"og:description\" content=\"Elue Car of the Year 2023 lors du Salon de Bruxelles en janvier dernier, la Jeep Avenger est la premi\u00e8re Jeep 100% \u00e9lectrique. Un mod\u00e8le\u2026\" \/>\n<meta property=\"og:url\" content=\"https:\/\/www.link2fleet.com\/fr\/fleet-test-jeep-avenger-on-a-teste-la-car-of-the-year-2023\/\" \/>\n<meta property=\"og:site_name\" content=\"link2fleet\" \/>\n<meta property=\"article:published_time\" content=\"2023-06-20T11:40:17+00:00\" \/>\n<meta property=\"og:image\" content=\"https:\/\/static.link2fleet.com\/wp-content\/uploads\/2024\/03\/jeep-avenger-5.jpeg\" \/>\n\t<meta property=\"og:image:width\" content=\"1920\" \/>\n\t<meta property=\"og:image:height\" content=\"1280\" \/>\n\t<meta property=\"og:image:type\" content=\"image\/jpeg\" \/>\n<meta name=\"author\" content=\"Damien Malvetti\" \/>\n<meta name=\"twitter:card\" content=\"summary_large_image\" \/>\n<meta name=\"twitter:description\" content=\"Elue Car of the Year 2023 lors du Salon de Bruxelles en janvier dernier, la Jeep Avenger est la premi\u00e8re Jeep 100% \u00e9lectrique. Un mod\u00e8le\u2026\" \/>\n<meta name=\"twitter:label1\" content=\"\u00c9crit par\" \/>\n\t<meta name=\"twitter:data1\" content=\"Damien Malvetti\" \/>\n\t<meta name=\"twitter:label2\" content=\"Dur\u00e9e de lecture estim\u00e9e\" \/>\n\t<meta name=\"twitter:data2\" content=\"4 minutes\" \/>\n<script type=\"application\/ld+json\" class=\"yoast-schema-graph\">{\"@context\":\"https:\\\/\\\/schema.org\",\"@graph\":[{\"@type\":\"Article\",\"@id\":\"https:\\\/\\\/www.link2fleet.com\\\/fr\\\/fleet-test-jeep-avenger-on-a-teste-la-car-of-the-year-2023\\\/#article\",\"isPartOf\":{\"@id\":\"https:\\\/\\\/www.link2fleet.com\\\/fr\\\/fleet-test-jeep-avenger-on-a-teste-la-car-of-the-year-2023\\\/\"},\"author\":{\"name\":\"Damien Malvetti\",\"@id\":\"https:\\\/\\\/www.link2fleet.com\\\/fr\\\/#\\\/schema\\\/person\\\/027cd46113c78036b3809c9a054049da\"},\"headline\":\"Fleet test Jeep Avenger: On a test\u00e9 la Car of the Year 2023\",\"datePublished\":\"2023-06-20T11:40:17+00:00\",\"mainEntityOfPage\":{\"@id\":\"https:\\\/\\\/www.link2fleet.com\\\/fr\\\/fleet-test-jeep-avenger-on-a-teste-la-car-of-the-year-2023\\\/\"},\"wordCount\":895,\"publisher\":{\"@id\":\"https:\\\/\\\/www.link2fleet.com\\\/fr\\\/#organization\"},\"image\":{\"@id\":\"https:\\\/\\\/www.link2fleet.com\\\/fr\\\/fleet-test-jeep-avenger-on-a-teste-la-car-of-the-year-2023\\\/#primaryimage\"},\"thumbnailUrl\":\"https:\\\/\\\/static.link2fleet.com\\\/wp-content\\\/uploads\\\/2024\\\/03\\\/jeep-avenger-5.jpeg\",\"articleSection\":[\"Importateurs et constructeurs\",\"V\u00e9hicules\"],\"inLanguage\":\"fr-FR\"},{\"@type\":\"WebPage\",\"@id\":\"https:\\\/\\\/www.link2fleet.com\\\/fr\\\/fleet-test-jeep-avenger-on-a-teste-la-car-of-the-year-2023\\\/\",\"url\":\"https:\\\/\\\/www.link2fleet.com\\\/fr\\\/fleet-test-jeep-avenger-on-a-teste-la-car-of-the-year-2023\\\/\",\"name\":\"Fleet test Jeep Avenger: On a test\u00e9 la Car of the Year 2023 - link2fleet\",\"isPartOf\":{\"@id\":\"https:\\\/\\\/www.link2fleet.com\\\/fr\\\/#website\"},\"primaryImageOfPage\":{\"@id\":\"https:\\\/\\\/www.link2fleet.com\\\/fr\\\/fleet-test-jeep-avenger-on-a-teste-la-car-of-the-year-2023\\\/#primaryimage\"},\"image\":{\"@id\":\"https:\\\/\\\/www.link2fleet.com\\\/fr\\\/fleet-test-jeep-avenger-on-a-teste-la-car-of-the-year-2023\\\/#primaryimage\"},\"thumbnailUrl\":\"https:\\\/\\\/static.link2fleet.com\\\/wp-content\\\/uploads\\\/2024\\\/03\\\/jeep-avenger-5.jpeg\",\"datePublished\":\"2023-06-20T11:40:17+00:00\",\"breadcrumb\":{\"@id\":\"https:\\\/\\\/www.link2fleet.com\\\/fr\\\/fleet-test-jeep-avenger-on-a-teste-la-car-of-the-year-2023\\\/#breadcrumb\"},\"inLanguage\":\"fr-FR\",\"potentialAction\":[{\"@type\":\"ReadAction\",\"target\":[\"https:\\\/\\\/www.link2fleet.com\\\/fr\\\/fleet-test-jeep-avenger-on-a-teste-la-car-of-the-year-2023\\\/\"]}]},{\"@type\":\"ImageObject\",\"inLanguage\":\"fr-FR\",\"@id\":\"https:\\\/\\\/www.link2fleet.com\\\/fr\\\/fleet-test-jeep-avenger-on-a-teste-la-car-of-the-year-2023\\\/#primaryimage\",\"url\":\"https:\\\/\\\/static.link2fleet.com\\\/wp-content\\\/uploads\\\/2024\\\/03\\\/jeep-avenger-5.jpeg\",\"contentUrl\":\"https:\\\/\\\/static.link2fleet.com\\\/wp-content\\\/uploads\\\/2024\\\/03\\\/jeep-avenger-5.jpeg\",\"width\":1920,\"height\":1280,\"caption\":\"|||||\"},{\"@type\":\"BreadcrumbList\",\"@id\":\"https:\\\/\\\/www.link2fleet.com\\\/fr\\\/fleet-test-jeep-avenger-on-a-teste-la-car-of-the-year-2023\\\/#breadcrumb\",\"itemListElement\":[{\"@type\":\"ListItem\",\"position\":1,\"name\":\"Home\",\"item\":\"https:\\\/\\\/www.link2fleet.com\\\/fr\\\/\"},{\"@type\":\"ListItem\",\"position\":2,\"name\":\"Fleet test Jeep Avenger: On a test\u00e9 la Car of the Year 2023\"}]},{\"@type\":\"WebSite\",\"@id\":\"https:\\\/\\\/www.link2fleet.com\\\/fr\\\/#website\",\"url\":\"https:\\\/\\\/www.link2fleet.com\\\/fr\\\/\",\"name\":\"Link2fleet\",\"description\":\"\",\"publisher\":{\"@id\":\"https:\\\/\\\/www.link2fleet.com\\\/fr\\\/#organization\"},\"potentialAction\":[{\"@type\":\"SearchAction\",\"target\":{\"@type\":\"EntryPoint\",\"urlTemplate\":\"https:\\\/\\\/www.link2fleet.com\\\/fr\\\/?s={search_term_string}\"},\"query-input\":{\"@type\":\"PropertyValueSpecification\",\"valueRequired\":true,\"valueName\":\"search_term_string\"}}],\"inLanguage\":\"fr-FR\"},{\"@type\":\"Organization\",\"@id\":\"https:\\\/\\\/www.link2fleet.com\\\/fr\\\/#organization\",\"name\":\"Link2fleet\",\"url\":\"https:\\\/\\\/www.link2fleet.com\\\/fr\\\/\",\"logo\":{\"@type\":\"ImageObject\",\"inLanguage\":\"fr-FR\",\"@id\":\"https:\\\/\\\/www.link2fleet.com\\\/fr\\\/#\\\/schema\\\/logo\\\/image\\\/\",\"url\":\"https:\\\/\\\/static.link2fleet.com\\\/wp-content\\\/uploads\\\/2024\\\/03\\\/share-image.jpg\",\"contentUrl\":\"https:\\\/\\\/static.link2fleet.com\\\/wp-content\\\/uploads\\\/2024\\\/03\\\/share-image.jpg\",\"width\":1200,\"height\":630,\"caption\":\"Link2fleet\"},\"image\":{\"@id\":\"https:\\\/\\\/www.link2fleet.com\\\/fr\\\/#\\\/schema\\\/logo\\\/image\\\/\"},\"sameAs\":[\"https:\\\/\\\/www.linkedin.com\\\/company\\\/link2fleet-belgium\",\"https:\\\/\\\/www.youtube.com\\\/user\\\/MMMBMBE\"]},{\"@type\":\"Person\",\"@id\":\"https:\\\/\\\/www.link2fleet.com\\\/fr\\\/#\\\/schema\\\/person\\\/027cd46113c78036b3809c9a054049da\",\"name\":\"Damien Malvetti\",\"image\":{\"@type\":\"ImageObject\",\"inLanguage\":\"fr-FR\",\"@id\":\"https:\\\/\\\/secure.gravatar.com\\\/avatar\\\/dd8cc03b49466c735f753ac37f8caa371af16dfed347456ed61f02883255eebb?s=96&d=mm&r=g\",\"url\":\"https:\\\/\\\/secure.gravatar.com\\\/avatar\\\/dd8cc03b49466c735f753ac37f8caa371af16dfed347456ed61f02883255eebb?s=96&d=mm&r=g\",\"contentUrl\":\"https:\\\/\\\/secure.gravatar.com\\\/avatar\\\/dd8cc03b49466c735f753ac37f8caa371af16dfed347456ed61f02883255eebb?s=96&d=mm&r=g\",\"caption\":\"Damien Malvetti\"},\"description\":\"Damien Malvetti is opgeleid als journalist en gepassioneerd door wagens, technologie en mobiliteit. Hij is verantwoordelijk voor de redactionele inhoud van link2fleet en beschikt over een uitgebreide kennis van de fleet-sector en elektrische mobiliteit.\",\"sameAs\":[\"https:\\\/\\\/www.linkedin.com\\\/in\\\/damien-malvetti-56601142\\\/\"]}]}<\/script>\n<!-- \/ Yoast SEO plugin. -->","yoast_head_json":{"title":"Fleet test Jeep Avenger: On a test\u00e9 la Car of the Year 2023 - link2fleet","description":"Elue Car of the Year 2023 lors du Salon de Bruxelles en janvier dernier, la Jeep Avenger est la premi\u00e8re Jeep 100% \u00e9lectrique. Un mod\u00e8le\u2026","robots":{"index":"index","follow":"follow","max-snippet":"max-snippet:-1","max-image-preview":"max-image-preview:large","max-video-preview":"max-video-preview:-1"},"og_locale":"fr_FR","og_type":"article","og_title":"Fleet test Jeep Avenger: On a test\u00e9 la Car of the Year 2023 - link2fleet","og_description":"Elue Car of the Year 2023 lors du Salon de Bruxelles en janvier dernier, la Jeep Avenger est la premi\u00e8re Jeep 100% \u00e9lectrique. Un mod\u00e8le\u2026","og_url":"https:\/\/www.link2fleet.com\/fr\/fleet-test-jeep-avenger-on-a-teste-la-car-of-the-year-2023\/","og_site_name":"link2fleet","article_published_time":"2023-06-20T11:40:17+00:00","og_image":[{"width":1920,"height":1280,"url":"https:\/\/static.link2fleet.com\/wp-content\/uploads\/2024\/03\/jeep-avenger-5.jpeg","type":"image\/jpeg"}],"author":"Damien Malvetti","twitter_card":"summary_large_image","twitter_description":"Elue Car of the Year 2023 lors du Salon de Bruxelles en janvier dernier, la Jeep Avenger est la premi\u00e8re Jeep 100% \u00e9lectrique. Un mod\u00e8le\u2026","twitter_misc":{"\u00c9crit par":"Damien Malvetti","Dur\u00e9e de lecture estim\u00e9e":"4 minutes"},"schema":{"@context":"https:\/\/schema.org","@graph":[{"@type":"Article","@id":"https:\/\/www.link2fleet.com\/fr\/fleet-test-jeep-avenger-on-a-teste-la-car-of-the-year-2023\/#article","isPartOf":{"@id":"https:\/\/www.link2fleet.com\/fr\/fleet-test-jeep-avenger-on-a-teste-la-car-of-the-year-2023\/"},"author":{"name":"Damien Malvetti","@id":"https:\/\/www.link2fleet.com\/fr\/#\/schema\/person\/027cd46113c78036b3809c9a054049da"},"headline":"Fleet test Jeep Avenger: On a test\u00e9 la Car of the Year 2023","datePublished":"2023-06-20T11:40:17+00:00","mainEntityOfPage":{"@id":"https:\/\/www.link2fleet.com\/fr\/fleet-test-jeep-avenger-on-a-teste-la-car-of-the-year-2023\/"},"wordCount":895,"publisher":{"@id":"https:\/\/www.link2fleet.com\/fr\/#organization"},"image":{"@id":"https:\/\/www.link2fleet.com\/fr\/fleet-test-jeep-avenger-on-a-teste-la-car-of-the-year-2023\/#primaryimage"},"thumbnailUrl":"https:\/\/static.link2fleet.com\/wp-content\/uploads\/2024\/03\/jeep-avenger-5.jpeg","articleSection":["Importateurs et constructeurs","V\u00e9hicules"],"inLanguage":"fr-FR"},{"@type":"WebPage","@id":"https:\/\/www.link2fleet.com\/fr\/fleet-test-jeep-avenger-on-a-teste-la-car-of-the-year-2023\/","url":"https:\/\/www.link2fleet.com\/fr\/fleet-test-jeep-avenger-on-a-teste-la-car-of-the-year-2023\/","name":"Fleet test Jeep Avenger: On a test\u00e9 la Car of the Year 2023 - link2fleet","isPartOf":{"@id":"https:\/\/www.link2fleet.com\/fr\/#website"},"primaryImageOfPage":{"@id":"https:\/\/www.link2fleet.com\/fr\/fleet-test-jeep-avenger-on-a-teste-la-car-of-the-year-2023\/#primaryimage"},"image":{"@id":"https:\/\/www.link2fleet.com\/fr\/fleet-test-jeep-avenger-on-a-teste-la-car-of-the-year-2023\/#primaryimage"},"thumbnailUrl":"https:\/\/static.link2fleet.com\/wp-content\/uploads\/2024\/03\/jeep-avenger-5.jpeg","datePublished":"2023-06-20T11:40:17+00:00","breadcrumb":{"@id":"https:\/\/www.link2fleet.com\/fr\/fleet-test-jeep-avenger-on-a-teste-la-car-of-the-year-2023\/#breadcrumb"},"inLanguage":"fr-FR","potentialAction":[{"@type":"ReadAction","target":["https:\/\/www.link2fleet.com\/fr\/fleet-test-jeep-avenger-on-a-teste-la-car-of-the-year-2023\/"]}]},{"@type":"ImageObject","inLanguage":"fr-FR","@id":"https:\/\/www.link2fleet.com\/fr\/fleet-test-jeep-avenger-on-a-teste-la-car-of-the-year-2023\/#primaryimage","url":"https:\/\/static.link2fleet.com\/wp-content\/uploads\/2024\/03\/jeep-avenger-5.jpeg","contentUrl":"https:\/\/static.link2fleet.com\/wp-content\/uploads\/2024\/03\/jeep-avenger-5.jpeg","width":1920,"height":1280,"caption":"|||||"},{"@type":"BreadcrumbList","@id":"https:\/\/www.link2fleet.com\/fr\/fleet-test-jeep-avenger-on-a-teste-la-car-of-the-year-2023\/#breadcrumb","itemListElement":[{"@type":"ListItem","position":1,"name":"Home","item":"https:\/\/www.link2fleet.com\/fr\/"},{"@type":"ListItem","position":2,"name":"Fleet test Jeep Avenger: On a test\u00e9 la Car of the Year 2023"}]},{"@type":"WebSite","@id":"https:\/\/www.link2fleet.com\/fr\/#website","url":"https:\/\/www.link2fleet.com\/fr\/","name":"Link2fleet","description":"","publisher":{"@id":"https:\/\/www.link2fleet.com\/fr\/#organization"},"potentialAction":[{"@type":"SearchAction","target":{"@type":"EntryPoint","urlTemplate":"https:\/\/www.link2fleet.com\/fr\/?s={search_term_string}"},"query-input":{"@type":"PropertyValueSpecification","valueRequired":true,"valueName":"search_term_string"}}],"inLanguage":"fr-FR"},{"@type":"Organization","@id":"https:\/\/www.link2fleet.com\/fr\/#organization","name":"Link2fleet","url":"https:\/\/www.link2fleet.com\/fr\/","logo":{"@type":"ImageObject","inLanguage":"fr-FR","@id":"https:\/\/www.link2fleet.com\/fr\/#\/schema\/logo\/image\/","url":"https:\/\/static.link2fleet.com\/wp-content\/uploads\/2024\/03\/share-image.jpg","contentUrl":"https:\/\/static.link2fleet.com\/wp-content\/uploads\/2024\/03\/share-image.jpg","width":1200,"height":630,"caption":"Link2fleet"},"image":{"@id":"https:\/\/www.link2fleet.com\/fr\/#\/schema\/logo\/image\/"},"sameAs":["https:\/\/www.linkedin.com\/company\/link2fleet-belgium","https:\/\/www.youtube.com\/user\/MMMBMBE"]},{"@type":"Person","@id":"https:\/\/www.link2fleet.com\/fr\/#\/schema\/person\/027cd46113c78036b3809c9a054049da","name":"Damien Malvetti","image":{"@type":"ImageObject","inLanguage":"fr-FR","@id":"https:\/\/secure.gravatar.com\/avatar\/dd8cc03b49466c735f753ac37f8caa371af16dfed347456ed61f02883255eebb?s=96&d=mm&r=g","url":"https:\/\/secure.gravatar.com\/avatar\/dd8cc03b49466c735f753ac37f8caa371af16dfed347456ed61f02883255eebb?s=96&d=mm&r=g","contentUrl":"https:\/\/secure.gravatar.com\/avatar\/dd8cc03b49466c735f753ac37f8caa371af16dfed347456ed61f02883255eebb?s=96&d=mm&r=g","caption":"Damien Malvetti"},"description":"Damien Malvetti is opgeleid als journalist en gepassioneerd door wagens, technologie en mobiliteit. Hij is verantwoordelijk voor de redactionele inhoud van link2fleet en beschikt over een uitgebreide kennis van de fleet-sector en elektrische mobiliteit.","sameAs":["https:\/\/www.linkedin.com\/in\/damien-malvetti-56601142\/"]}]}},"_links":{"self":[{"href":"https:\/\/www.link2fleet.com\/fr\/wp-json\/wp\/v2\/posts\/9703","targetHints":{"allow":["GET"]}}],"collection":[{"href":"https:\/\/www.link2fleet.com\/fr\/wp-json\/wp\/v2\/posts"}],"about":[{"href":"https:\/\/www.link2fleet.com\/fr\/wp-json\/wp\/v2\/types\/post"}],"author":[{"embeddable":true,"href":"https:\/\/www.link2fleet.com\/fr\/wp-json\/wp\/v2\/users\/4"}],"replies":[{"embeddable":true,"href":"https:\/\/www.link2fleet.com\/fr\/wp-json\/wp\/v2\/comments?post=9703"}],"version-history":[{"count":0,"href":"https:\/\/www.link2fleet.com\/fr\/wp-json\/wp\/v2\/posts\/9703\/revisions"}],"wp:featuredmedia":[{"embeddable":true,"href":"https:\/\/www.link2fleet.com\/fr\/wp-json\/wp\/v2\/media\/9704"}],"wp:attachment":[{"href":"https:\/\/www.link2fleet.com\/fr\/wp-json\/wp\/v2\/media?parent=9703"}],"wp:term":[{"taxonomy":"category","embeddable":true,"href":"https:\/\/www.link2fleet.com\/fr\/wp-json\/wp\/v2\/categories?post=9703"},{"taxonomy":"post_tag","embeddable":true,"href":"https:\/\/www.link2fleet.com\/fr\/wp-json\/wp\/v2\/tags?post=9703"}],"curies":[{"name":"wp","href":"https:\/\/api.w.org\/{rel}","templated":true}]}}