{"id":9711,"date":"2023-06-14T07:40:25","date_gmt":"2023-06-14T05:40:25","guid":{"rendered":"https:\/\/www.link2fleet.com\/fiscalite-des-voitures-de-leasing-la-wallonie-veut-sa-part-du-gateau\/"},"modified":"2023-06-14T07:40:25","modified_gmt":"2023-06-14T05:40:25","slug":"fiscalite-des-voitures-de-leasing-la-wallonie-veut-sa-part-du-gateau","status":"publish","type":"post","link":"https:\/\/www.link2fleet.com\/fr\/fiscalite-des-voitures-de-leasing-la-wallonie-veut-sa-part-du-gateau\/","title":{"rendered":"Fiscalit\u00e9 des voitures de leasing: la Wallonie veut sa part du g\u00e2teau"},"content":{"rendered":"<p style=\"font-weight: 400;\">C\u2019est le rachat r\u00e9cent de LeasePlan par ALD Automotive qui a mis la puce \u00e0 l\u2019oreille du gouvernement wallon. La nouvelle structure repr\u00e9sentera 3,5 millions de v\u00e9hicules dans le monde et sera le leader du march\u00e9 en Belgique, avec une flotte de 180.000 v\u00e9hicules et un renouvellement annuel de 40.000 v\u00e9hicules. \u00ab\u00a040.000 v\u00e9hicules chaque ann\u00e9e, c\u2019est 10% des immatriculations annuelles en Belgique\u00a0\u00bb, indique le d\u00e9put\u00e9 Andr\u00e9 Antoine (Les Engag\u00e9s), qui s\u2019enquiert de la situation.<\/p>\n<p style=\"font-weight: 400;\">Selon ses calculs, le fait que les revenus li\u00e9s aux taxes des v\u00e9hicules de soci\u00e9t\u00e9 sont enti\u00e8rement pr\u00e9lev\u00e9s par Bruxelles et la Flandre a pour cons\u00e9quence un manque \u00e0 gagner de l&rsquo;ordre de 30 millions d\u2019euros pour la Wallonie, dont la dette ne fait que grossir\u2026<\/p>\n<p>&nbsp;<\/p>\n<p><strong>Un premier pas bient\u00f4t<\/strong><\/p>\n<p style=\"font-weight: 400;\">Andr\u00e9 Antoine n\u2019est pas le premier \u00e0 pointer du doigt ce probl\u00e8me puisque le ministre wallon du budget, Adrien Dolimont (MR) a r\u00e9cemment annonc\u00e9 qu\u2019il souhaitait revoir le syst\u00e8me pour le rendre plus \u00e9quitable pour la Wallonie. Concr\u00e8tement, l\u2019immatriculation des v\u00e9hicules de soci\u00e9t\u00e9 tomberait sous le r\u00e9gime fiscal du lieu d\u2019habitation du conducteur et non plus sous celle du lieu du si\u00e8ge social du loueur.<\/p>\n<p style=\"font-weight: 400;\">Un projet devrait d\u2019ailleurs aboutir sur la table du parlement wallon avant l\u2019\u00e9t\u00e9 avec pour but de d\u00e9j\u00e0 r\u00e9cup\u00e9rer dans les caisses wallonnes les montants des TMC et taxes de roulage des v\u00e9hicules utilis\u00e9s dans les cabinets wallons, mais aussi dans des intercommunales, les communes et les r\u00e9gions du sud du pays.<\/p>\n<p style=\"font-weight: 400;\">Au vu des derniers \u00e9l\u00e9ments, il pourrait donc s\u2019agir d\u2019une premi\u00e8re \u00e9tape avant que le gouvernement wallon ne d\u00e9cide de r\u00e9clamer les sommes des taxes de toutes les voitures de soci\u00e9t\u00e9 en leasing qui circule sur son territoire.<\/p>\n<p style=\"font-weight: 400;\">Reste \u00e0 savoir si la Wallonie d\u00e9cidera peut-\u00eatre ensuite de r\u00e9former la fiscalit\u00e9 des voitures de soci\u00e9t\u00e9 immatricul\u00e9es sur son territoire\u2026 \u00a0Affaire \u00e0 suivre\u2026<\/p>\n<p style=\"font-weight: 400;\">\n","protected":false},"excerpt":{"rendered":"<p>C\u2019est le rachat r\u00e9cent de LeasePlan par ALD Automotive qui a mis la puce \u00e0 l\u2019oreille du gouvernement wallon. La nouvelle structure repr\u00e9sentera 3,5 millions de v\u00e9hicules dans le monde et sera le leader du march\u00e9 en Belgique, avec une flotte de 180.000 v\u00e9hicules et un renouvellement annuel de 40.000 v\u00e9hicules. \u00ab\u00a040.000 v\u00e9hicules chaque ann\u00e9e, [&hellip;]<\/p>\n","protected":false},"author":4,"featured_media":9712,"comment_status":"closed","ping_status":"closed","sticky":false,"template":"","format":"standard","meta":{"_acf_changed":false,"footnotes":""},"categories":[91,101],"tags":[],"class_list":["post-9711","post","type-post","status-publish","format-standard","has-post-thumbnail","hentry","category-expertise-et-management","category-tax-legal"],"acf":[],"yoast_head":"<!-- This site is optimized with the Yoast SEO plugin v27.3 - https:\/\/yoast.com\/product\/yoast-seo-wordpress\/ -->\n<title>Fiscalit\u00e9 des voitures de leasing: la Wallonie veut sa part du g\u00e2teau - link2fleet<\/title>\n<meta name=\"description\" content=\"Les soci\u00e9t\u00e9s de leasing \u00e9tant toutes install\u00e9es \u00e0 Bruxelles ou en Flandre, ce sont ces deux r\u00e9gions qui r\u00e9cup\u00e8rent actuellement les taxes de mise en\u2026\" \/>\n<meta name=\"robots\" content=\"index, follow, max-snippet:-1, max-image-preview:large, max-video-preview:-1\" \/>\n<meta property=\"og:locale\" content=\"fr_FR\" \/>\n<meta property=\"og:type\" content=\"article\" \/>\n<meta property=\"og:title\" content=\"Fiscalit\u00e9 des voitures de leasing: la Wallonie veut sa part du g\u00e2teau - link2fleet\" \/>\n<meta property=\"og:description\" content=\"Les soci\u00e9t\u00e9s de leasing \u00e9tant toutes install\u00e9es \u00e0 Bruxelles ou en Flandre, ce sont ces deux r\u00e9gions qui r\u00e9cup\u00e8rent actuellement les taxes de mise en\u2026\" \/>\n<meta property=\"og:url\" content=\"https:\/\/www.link2fleet.com\/fr\/fiscalite-des-voitures-de-leasing-la-wallonie-veut-sa-part-du-gateau\/\" \/>\n<meta property=\"og:site_name\" content=\"link2fleet\" \/>\n<meta property=\"article:published_time\" content=\"2023-06-14T05:40:25+00:00\" \/>\n<meta property=\"og:image\" content=\"https:\/\/static.link2fleet.com\/wp-content\/uploads\/2024\/03\/1319122302-groene-fiscaliteit1.jpg\" \/>\n\t<meta property=\"og:image:width\" content=\"500\" \/>\n\t<meta property=\"og:image:height\" content=\"374\" \/>\n\t<meta property=\"og:image:type\" content=\"image\/jpeg\" \/>\n<meta name=\"author\" content=\"Damien Malvetti\" \/>\n<meta name=\"twitter:card\" content=\"summary_large_image\" \/>\n<meta name=\"twitter:description\" content=\"Les soci\u00e9t\u00e9s de leasing \u00e9tant toutes install\u00e9es \u00e0 Bruxelles ou en Flandre, ce sont ces deux r\u00e9gions qui r\u00e9cup\u00e8rent actuellement les taxes de mise en\u2026\" \/>\n<meta name=\"twitter:label1\" content=\"\u00c9crit par\" \/>\n\t<meta name=\"twitter:data1\" content=\"Damien Malvetti\" \/>\n\t<meta name=\"twitter:label2\" content=\"Dur\u00e9e de lecture estim\u00e9e\" \/>\n\t<meta name=\"twitter:data2\" content=\"2 minutes\" \/>\n<script type=\"application\/ld+json\" class=\"yoast-schema-graph\">{\"@context\":\"https:\\\/\\\/schema.org\",\"@graph\":[{\"@type\":\"Article\",\"@id\":\"https:\\\/\\\/www.link2fleet.com\\\/fr\\\/fiscalite-des-voitures-de-leasing-la-wallonie-veut-sa-part-du-gateau\\\/#article\",\"isPartOf\":{\"@id\":\"https:\\\/\\\/www.link2fleet.com\\\/fr\\\/fiscalite-des-voitures-de-leasing-la-wallonie-veut-sa-part-du-gateau\\\/\"},\"author\":{\"name\":\"Damien Malvetti\",\"@id\":\"https:\\\/\\\/www.link2fleet.com\\\/fr\\\/#\\\/schema\\\/person\\\/027cd46113c78036b3809c9a054049da\"},\"headline\":\"Fiscalit\u00e9 des voitures de leasing: la Wallonie veut sa part du g\u00e2teau\",\"datePublished\":\"2023-06-14T05:40:25+00:00\",\"mainEntityOfPage\":{\"@id\":\"https:\\\/\\\/www.link2fleet.com\\\/fr\\\/fiscalite-des-voitures-de-leasing-la-wallonie-veut-sa-part-du-gateau\\\/\"},\"wordCount\":361,\"publisher\":{\"@id\":\"https:\\\/\\\/www.link2fleet.com\\\/fr\\\/#organization\"},\"image\":{\"@id\":\"https:\\\/\\\/www.link2fleet.com\\\/fr\\\/fiscalite-des-voitures-de-leasing-la-wallonie-veut-sa-part-du-gateau\\\/#primaryimage\"},\"thumbnailUrl\":\"https:\\\/\\\/static.link2fleet.com\\\/wp-content\\\/uploads\\\/2024\\\/03\\\/1319122302-groene-fiscaliteit1.jpg\",\"articleSection\":[\"Gestion de flotte\",\"Tax &amp; legal\"],\"inLanguage\":\"fr-FR\"},{\"@type\":\"WebPage\",\"@id\":\"https:\\\/\\\/www.link2fleet.com\\\/fr\\\/fiscalite-des-voitures-de-leasing-la-wallonie-veut-sa-part-du-gateau\\\/\",\"url\":\"https:\\\/\\\/www.link2fleet.com\\\/fr\\\/fiscalite-des-voitures-de-leasing-la-wallonie-veut-sa-part-du-gateau\\\/\",\"name\":\"Fiscalit\u00e9 des voitures de leasing: la Wallonie veut sa part du g\u00e2teau - link2fleet\",\"isPartOf\":{\"@id\":\"https:\\\/\\\/www.link2fleet.com\\\/fr\\\/#website\"},\"primaryImageOfPage\":{\"@id\":\"https:\\\/\\\/www.link2fleet.com\\\/fr\\\/fiscalite-des-voitures-de-leasing-la-wallonie-veut-sa-part-du-gateau\\\/#primaryimage\"},\"image\":{\"@id\":\"https:\\\/\\\/www.link2fleet.com\\\/fr\\\/fiscalite-des-voitures-de-leasing-la-wallonie-veut-sa-part-du-gateau\\\/#primaryimage\"},\"thumbnailUrl\":\"https:\\\/\\\/static.link2fleet.com\\\/wp-content\\\/uploads\\\/2024\\\/03\\\/1319122302-groene-fiscaliteit1.jpg\",\"datePublished\":\"2023-06-14T05:40:25+00:00\",\"breadcrumb\":{\"@id\":\"https:\\\/\\\/www.link2fleet.com\\\/fr\\\/fiscalite-des-voitures-de-leasing-la-wallonie-veut-sa-part-du-gateau\\\/#breadcrumb\"},\"inLanguage\":\"fr-FR\",\"potentialAction\":[{\"@type\":\"ReadAction\",\"target\":[\"https:\\\/\\\/www.link2fleet.com\\\/fr\\\/fiscalite-des-voitures-de-leasing-la-wallonie-veut-sa-part-du-gateau\\\/\"]}]},{\"@type\":\"ImageObject\",\"inLanguage\":\"fr-FR\",\"@id\":\"https:\\\/\\\/www.link2fleet.com\\\/fr\\\/fiscalite-des-voitures-de-leasing-la-wallonie-veut-sa-part-du-gateau\\\/#primaryimage\",\"url\":\"https:\\\/\\\/static.link2fleet.com\\\/wp-content\\\/uploads\\\/2024\\\/03\\\/1319122302-groene-fiscaliteit1.jpg\",\"contentUrl\":\"https:\\\/\\\/static.link2fleet.com\\\/wp-content\\\/uploads\\\/2024\\\/03\\\/1319122302-groene-fiscaliteit1.jpg\",\"width\":500,\"height\":374},{\"@type\":\"BreadcrumbList\",\"@id\":\"https:\\\/\\\/www.link2fleet.com\\\/fr\\\/fiscalite-des-voitures-de-leasing-la-wallonie-veut-sa-part-du-gateau\\\/#breadcrumb\",\"itemListElement\":[{\"@type\":\"ListItem\",\"position\":1,\"name\":\"Home\",\"item\":\"https:\\\/\\\/www.link2fleet.com\\\/fr\\\/\"},{\"@type\":\"ListItem\",\"position\":2,\"name\":\"Fiscalit\u00e9 des voitures de leasing: la Wallonie veut sa part du g\u00e2teau\"}]},{\"@type\":\"WebSite\",\"@id\":\"https:\\\/\\\/www.link2fleet.com\\\/fr\\\/#website\",\"url\":\"https:\\\/\\\/www.link2fleet.com\\\/fr\\\/\",\"name\":\"Link2fleet\",\"description\":\"\",\"publisher\":{\"@id\":\"https:\\\/\\\/www.link2fleet.com\\\/fr\\\/#organization\"},\"potentialAction\":[{\"@type\":\"SearchAction\",\"target\":{\"@type\":\"EntryPoint\",\"urlTemplate\":\"https:\\\/\\\/www.link2fleet.com\\\/fr\\\/?s={search_term_string}\"},\"query-input\":{\"@type\":\"PropertyValueSpecification\",\"valueRequired\":true,\"valueName\":\"search_term_string\"}}],\"inLanguage\":\"fr-FR\"},{\"@type\":\"Organization\",\"@id\":\"https:\\\/\\\/www.link2fleet.com\\\/fr\\\/#organization\",\"name\":\"Link2fleet\",\"url\":\"https:\\\/\\\/www.link2fleet.com\\\/fr\\\/\",\"logo\":{\"@type\":\"ImageObject\",\"inLanguage\":\"fr-FR\",\"@id\":\"https:\\\/\\\/www.link2fleet.com\\\/fr\\\/#\\\/schema\\\/logo\\\/image\\\/\",\"url\":\"https:\\\/\\\/static.link2fleet.com\\\/wp-content\\\/uploads\\\/2024\\\/03\\\/share-image.jpg\",\"contentUrl\":\"https:\\\/\\\/static.link2fleet.com\\\/wp-content\\\/uploads\\\/2024\\\/03\\\/share-image.jpg\",\"width\":1200,\"height\":630,\"caption\":\"Link2fleet\"},\"image\":{\"@id\":\"https:\\\/\\\/www.link2fleet.com\\\/fr\\\/#\\\/schema\\\/logo\\\/image\\\/\"},\"sameAs\":[\"https:\\\/\\\/www.linkedin.com\\\/company\\\/link2fleet-belgium\",\"https:\\\/\\\/www.youtube.com\\\/user\\\/MMMBMBE\"]},{\"@type\":\"Person\",\"@id\":\"https:\\\/\\\/www.link2fleet.com\\\/fr\\\/#\\\/schema\\\/person\\\/027cd46113c78036b3809c9a054049da\",\"name\":\"Damien Malvetti\",\"image\":{\"@type\":\"ImageObject\",\"inLanguage\":\"fr-FR\",\"@id\":\"https:\\\/\\\/secure.gravatar.com\\\/avatar\\\/dd8cc03b49466c735f753ac37f8caa371af16dfed347456ed61f02883255eebb?s=96&d=mm&r=g\",\"url\":\"https:\\\/\\\/secure.gravatar.com\\\/avatar\\\/dd8cc03b49466c735f753ac37f8caa371af16dfed347456ed61f02883255eebb?s=96&d=mm&r=g\",\"contentUrl\":\"https:\\\/\\\/secure.gravatar.com\\\/avatar\\\/dd8cc03b49466c735f753ac37f8caa371af16dfed347456ed61f02883255eebb?s=96&d=mm&r=g\",\"caption\":\"Damien Malvetti\"},\"description\":\"Damien Malvetti is opgeleid als journalist en gepassioneerd door wagens, technologie en mobiliteit. Hij is verantwoordelijk voor de redactionele inhoud van link2fleet en beschikt over een uitgebreide kennis van de fleet-sector en elektrische mobiliteit.\",\"sameAs\":[\"https:\\\/\\\/www.linkedin.com\\\/in\\\/damien-malvetti-56601142\\\/\"]}]}<\/script>\n<!-- \/ Yoast SEO plugin. -->","yoast_head_json":{"title":"Fiscalit\u00e9 des voitures de leasing: la Wallonie veut sa part du g\u00e2teau - link2fleet","description":"Les soci\u00e9t\u00e9s de leasing \u00e9tant toutes install\u00e9es \u00e0 Bruxelles ou en Flandre, ce sont ces deux r\u00e9gions qui r\u00e9cup\u00e8rent actuellement les taxes de mise en\u2026","robots":{"index":"index","follow":"follow","max-snippet":"max-snippet:-1","max-image-preview":"max-image-preview:large","max-video-preview":"max-video-preview:-1"},"og_locale":"fr_FR","og_type":"article","og_title":"Fiscalit\u00e9 des voitures de leasing: la Wallonie veut sa part du g\u00e2teau - link2fleet","og_description":"Les soci\u00e9t\u00e9s de leasing \u00e9tant toutes install\u00e9es \u00e0 Bruxelles ou en Flandre, ce sont ces deux r\u00e9gions qui r\u00e9cup\u00e8rent actuellement les taxes de mise en\u2026","og_url":"https:\/\/www.link2fleet.com\/fr\/fiscalite-des-voitures-de-leasing-la-wallonie-veut-sa-part-du-gateau\/","og_site_name":"link2fleet","article_published_time":"2023-06-14T05:40:25+00:00","og_image":[{"width":500,"height":374,"url":"https:\/\/static.link2fleet.com\/wp-content\/uploads\/2024\/03\/1319122302-groene-fiscaliteit1.jpg","type":"image\/jpeg"}],"author":"Damien Malvetti","twitter_card":"summary_large_image","twitter_description":"Les soci\u00e9t\u00e9s de leasing \u00e9tant toutes install\u00e9es \u00e0 Bruxelles ou en Flandre, ce sont ces deux r\u00e9gions qui r\u00e9cup\u00e8rent actuellement les taxes de mise en\u2026","twitter_misc":{"\u00c9crit par":"Damien Malvetti","Dur\u00e9e de lecture estim\u00e9e":"2 minutes"},"schema":{"@context":"https:\/\/schema.org","@graph":[{"@type":"Article","@id":"https:\/\/www.link2fleet.com\/fr\/fiscalite-des-voitures-de-leasing-la-wallonie-veut-sa-part-du-gateau\/#article","isPartOf":{"@id":"https:\/\/www.link2fleet.com\/fr\/fiscalite-des-voitures-de-leasing-la-wallonie-veut-sa-part-du-gateau\/"},"author":{"name":"Damien Malvetti","@id":"https:\/\/www.link2fleet.com\/fr\/#\/schema\/person\/027cd46113c78036b3809c9a054049da"},"headline":"Fiscalit\u00e9 des voitures de leasing: la Wallonie veut sa part du g\u00e2teau","datePublished":"2023-06-14T05:40:25+00:00","mainEntityOfPage":{"@id":"https:\/\/www.link2fleet.com\/fr\/fiscalite-des-voitures-de-leasing-la-wallonie-veut-sa-part-du-gateau\/"},"wordCount":361,"publisher":{"@id":"https:\/\/www.link2fleet.com\/fr\/#organization"},"image":{"@id":"https:\/\/www.link2fleet.com\/fr\/fiscalite-des-voitures-de-leasing-la-wallonie-veut-sa-part-du-gateau\/#primaryimage"},"thumbnailUrl":"https:\/\/static.link2fleet.com\/wp-content\/uploads\/2024\/03\/1319122302-groene-fiscaliteit1.jpg","articleSection":["Gestion de flotte","Tax &amp; legal"],"inLanguage":"fr-FR"},{"@type":"WebPage","@id":"https:\/\/www.link2fleet.com\/fr\/fiscalite-des-voitures-de-leasing-la-wallonie-veut-sa-part-du-gateau\/","url":"https:\/\/www.link2fleet.com\/fr\/fiscalite-des-voitures-de-leasing-la-wallonie-veut-sa-part-du-gateau\/","name":"Fiscalit\u00e9 des voitures de leasing: la Wallonie veut sa part du g\u00e2teau - link2fleet","isPartOf":{"@id":"https:\/\/www.link2fleet.com\/fr\/#website"},"primaryImageOfPage":{"@id":"https:\/\/www.link2fleet.com\/fr\/fiscalite-des-voitures-de-leasing-la-wallonie-veut-sa-part-du-gateau\/#primaryimage"},"image":{"@id":"https:\/\/www.link2fleet.com\/fr\/fiscalite-des-voitures-de-leasing-la-wallonie-veut-sa-part-du-gateau\/#primaryimage"},"thumbnailUrl":"https:\/\/static.link2fleet.com\/wp-content\/uploads\/2024\/03\/1319122302-groene-fiscaliteit1.jpg","datePublished":"2023-06-14T05:40:25+00:00","breadcrumb":{"@id":"https:\/\/www.link2fleet.com\/fr\/fiscalite-des-voitures-de-leasing-la-wallonie-veut-sa-part-du-gateau\/#breadcrumb"},"inLanguage":"fr-FR","potentialAction":[{"@type":"ReadAction","target":["https:\/\/www.link2fleet.com\/fr\/fiscalite-des-voitures-de-leasing-la-wallonie-veut-sa-part-du-gateau\/"]}]},{"@type":"ImageObject","inLanguage":"fr-FR","@id":"https:\/\/www.link2fleet.com\/fr\/fiscalite-des-voitures-de-leasing-la-wallonie-veut-sa-part-du-gateau\/#primaryimage","url":"https:\/\/static.link2fleet.com\/wp-content\/uploads\/2024\/03\/1319122302-groene-fiscaliteit1.jpg","contentUrl":"https:\/\/static.link2fleet.com\/wp-content\/uploads\/2024\/03\/1319122302-groene-fiscaliteit1.jpg","width":500,"height":374},{"@type":"BreadcrumbList","@id":"https:\/\/www.link2fleet.com\/fr\/fiscalite-des-voitures-de-leasing-la-wallonie-veut-sa-part-du-gateau\/#breadcrumb","itemListElement":[{"@type":"ListItem","position":1,"name":"Home","item":"https:\/\/www.link2fleet.com\/fr\/"},{"@type":"ListItem","position":2,"name":"Fiscalit\u00e9 des voitures de leasing: la Wallonie veut sa part du g\u00e2teau"}]},{"@type":"WebSite","@id":"https:\/\/www.link2fleet.com\/fr\/#website","url":"https:\/\/www.link2fleet.com\/fr\/","name":"Link2fleet","description":"","publisher":{"@id":"https:\/\/www.link2fleet.com\/fr\/#organization"},"potentialAction":[{"@type":"SearchAction","target":{"@type":"EntryPoint","urlTemplate":"https:\/\/www.link2fleet.com\/fr\/?s={search_term_string}"},"query-input":{"@type":"PropertyValueSpecification","valueRequired":true,"valueName":"search_term_string"}}],"inLanguage":"fr-FR"},{"@type":"Organization","@id":"https:\/\/www.link2fleet.com\/fr\/#organization","name":"Link2fleet","url":"https:\/\/www.link2fleet.com\/fr\/","logo":{"@type":"ImageObject","inLanguage":"fr-FR","@id":"https:\/\/www.link2fleet.com\/fr\/#\/schema\/logo\/image\/","url":"https:\/\/static.link2fleet.com\/wp-content\/uploads\/2024\/03\/share-image.jpg","contentUrl":"https:\/\/static.link2fleet.com\/wp-content\/uploads\/2024\/03\/share-image.jpg","width":1200,"height":630,"caption":"Link2fleet"},"image":{"@id":"https:\/\/www.link2fleet.com\/fr\/#\/schema\/logo\/image\/"},"sameAs":["https:\/\/www.linkedin.com\/company\/link2fleet-belgium","https:\/\/www.youtube.com\/user\/MMMBMBE"]},{"@type":"Person","@id":"https:\/\/www.link2fleet.com\/fr\/#\/schema\/person\/027cd46113c78036b3809c9a054049da","name":"Damien Malvetti","image":{"@type":"ImageObject","inLanguage":"fr-FR","@id":"https:\/\/secure.gravatar.com\/avatar\/dd8cc03b49466c735f753ac37f8caa371af16dfed347456ed61f02883255eebb?s=96&d=mm&r=g","url":"https:\/\/secure.gravatar.com\/avatar\/dd8cc03b49466c735f753ac37f8caa371af16dfed347456ed61f02883255eebb?s=96&d=mm&r=g","contentUrl":"https:\/\/secure.gravatar.com\/avatar\/dd8cc03b49466c735f753ac37f8caa371af16dfed347456ed61f02883255eebb?s=96&d=mm&r=g","caption":"Damien Malvetti"},"description":"Damien Malvetti is opgeleid als journalist en gepassioneerd door wagens, technologie en mobiliteit. Hij is verantwoordelijk voor de redactionele inhoud van link2fleet en beschikt over een uitgebreide kennis van de fleet-sector en elektrische mobiliteit.","sameAs":["https:\/\/www.linkedin.com\/in\/damien-malvetti-56601142\/"]}]}},"_links":{"self":[{"href":"https:\/\/www.link2fleet.com\/fr\/wp-json\/wp\/v2\/posts\/9711","targetHints":{"allow":["GET"]}}],"collection":[{"href":"https:\/\/www.link2fleet.com\/fr\/wp-json\/wp\/v2\/posts"}],"about":[{"href":"https:\/\/www.link2fleet.com\/fr\/wp-json\/wp\/v2\/types\/post"}],"author":[{"embeddable":true,"href":"https:\/\/www.link2fleet.com\/fr\/wp-json\/wp\/v2\/users\/4"}],"replies":[{"embeddable":true,"href":"https:\/\/www.link2fleet.com\/fr\/wp-json\/wp\/v2\/comments?post=9711"}],"version-history":[{"count":0,"href":"https:\/\/www.link2fleet.com\/fr\/wp-json\/wp\/v2\/posts\/9711\/revisions"}],"wp:featuredmedia":[{"embeddable":true,"href":"https:\/\/www.link2fleet.com\/fr\/wp-json\/wp\/v2\/media\/9712"}],"wp:attachment":[{"href":"https:\/\/www.link2fleet.com\/fr\/wp-json\/wp\/v2\/media?parent=9711"}],"wp:term":[{"taxonomy":"category","embeddable":true,"href":"https:\/\/www.link2fleet.com\/fr\/wp-json\/wp\/v2\/categories?post=9711"},{"taxonomy":"post_tag","embeddable":true,"href":"https:\/\/www.link2fleet.com\/fr\/wp-json\/wp\/v2\/tags?post=9711"}],"curies":[{"name":"wp","href":"https:\/\/api.w.org\/{rel}","templated":true}]}}