{"id":36017,"date":"2024-11-22T09:00:37","date_gmt":"2024-11-22T08:00:37","guid":{"rendered":"https:\/\/www.link2fleet.com\/?p=36017"},"modified":"2025-03-25T16:32:11","modified_gmt":"2025-03-25T15:32:11","slug":"bmw-i5-touring-la-nouvelle-reference-electrique-pour-les-flottes","status":"publish","type":"post","link":"https:\/\/www.link2fleet.com\/lu\/bmw-i5-touring-la-nouvelle-reference-electrique-pour-les-flottes\/","title":{"rendered":"BMW i5 Touring : la nouvelle r\u00e9f\u00e9rence \u00e9lectrique pour les flottes"},"content":{"rendered":"","protected":false},"excerpt":{"rendered":"","protected":false},"author":4,"featured_media":28168,"comment_status":"closed","ping_status":"closed","sticky":false,"template":"","format":"standard","meta":{"_acf_changed":false,"footnotes":""},"categories":[798,796],"tags":[],"class_list":["post-36017","post","type-post","status-publish","format-standard","has-post-thumbnail","hentry","category-importateurs-et-constructeurs","category-vehicules"],"acf":[],"yoast_head":"<!-- This site is optimized with the Yoast SEO plugin v27.3 - https:\/\/yoast.com\/product\/yoast-seo-wordpress\/ -->\n<title>BMW i5 Touring : la nouvelle r\u00e9f\u00e9rence \u00e9lectrique pour les flottes - link2fleet<\/title>\n<meta name=\"description\" content=\"Dans un paysage automobile en pleine mutation, o\u00f9 l\u2019\u00e9lectrification s\u2019impose comme une \u00e9vidence, BMW continue de se d\u00e9marquer avec une proposition alliant performance, \u00e9l\u00e9gance et\u2026\" \/>\n<meta name=\"robots\" content=\"index, follow, max-snippet:-1, max-image-preview:large, max-video-preview:-1\" \/>\n<meta property=\"og:locale\" content=\"en_US\" \/>\n<meta property=\"og:type\" content=\"article\" \/>\n<meta property=\"og:title\" content=\"BMW i5 Touring : la nouvelle r\u00e9f\u00e9rence \u00e9lectrique pour les flottes - link2fleet\" \/>\n<meta property=\"og:description\" content=\"Dans un paysage automobile en pleine mutation, o\u00f9 l\u2019\u00e9lectrification s\u2019impose comme une \u00e9vidence, BMW continue de se d\u00e9marquer avec une proposition alliant performance, \u00e9l\u00e9gance et\u2026\" \/>\n<meta property=\"og:url\" content=\"https:\/\/www.link2fleet.com\/lu\/bmw-i5-touring-la-nouvelle-reference-electrique-pour-les-flottes\/\" \/>\n<meta property=\"og:site_name\" content=\"link2fleet\" \/>\n<meta property=\"article:published_time\" content=\"2024-11-22T08:00:37+00:00\" \/>\n<meta property=\"article:modified_time\" content=\"2025-03-25T15:32:11+00:00\" \/>\n<meta property=\"og:image\" content=\"https:\/\/static.link2fleet.com\/wp-content\/uploads\/2024\/05\/bmw-i5-edrive40-touring-090.jpg\" \/>\n\t<meta property=\"og:image:width\" content=\"2304\" \/>\n\t<meta property=\"og:image:height\" content=\"1534\" \/>\n\t<meta property=\"og:image:type\" content=\"image\/jpeg\" \/>\n<meta name=\"author\" content=\"Damien Malvetti\" \/>\n<meta name=\"twitter:card\" content=\"summary_large_image\" \/>\n<meta name=\"twitter:description\" content=\"Dans un paysage automobile en pleine mutation, o\u00f9 l\u2019\u00e9lectrification s\u2019impose comme une \u00e9vidence, BMW continue de se d\u00e9marquer avec une proposition alliant performance, \u00e9l\u00e9gance et\u2026\" \/>\n<meta name=\"twitter:label1\" content=\"Written by\" \/>\n\t<meta name=\"twitter:data1\" content=\"Damien Malvetti\" \/>\n\t<meta name=\"twitter:label2\" content=\"Est. reading time\" \/>\n\t<meta name=\"twitter:data2\" content=\"4 minutes\" \/>\n<script type=\"application\/ld+json\" class=\"yoast-schema-graph\">{\"@context\":\"https:\\\/\\\/schema.org\",\"@graph\":[{\"@type\":\"Article\",\"@id\":\"https:\\\/\\\/www.link2fleet.com\\\/lu\\\/bmw-i5-touring-la-nouvelle-reference-electrique-pour-les-flottes\\\/#article\",\"isPartOf\":{\"@id\":\"https:\\\/\\\/www.link2fleet.com\\\/lu\\\/bmw-i5-touring-la-nouvelle-reference-electrique-pour-les-flottes\\\/\"},\"author\":{\"name\":\"Damien Malvetti\",\"@id\":\"https:\\\/\\\/www.link2fleet.com\\\/fr\\\/#\\\/schema\\\/person\\\/027cd46113c78036b3809c9a054049da\"},\"headline\":\"BMW i5 Touring : la nouvelle r\u00e9f\u00e9rence \u00e9lectrique pour les flottes\",\"datePublished\":\"2024-11-22T08:00:37+00:00\",\"dateModified\":\"2025-03-25T15:32:11+00:00\",\"mainEntityOfPage\":{\"@id\":\"https:\\\/\\\/www.link2fleet.com\\\/lu\\\/bmw-i5-touring-la-nouvelle-reference-electrique-pour-les-flottes\\\/\"},\"wordCount\":12,\"publisher\":{\"@id\":\"https:\\\/\\\/www.link2fleet.com\\\/fr\\\/#organization\"},\"image\":{\"@id\":\"https:\\\/\\\/www.link2fleet.com\\\/lu\\\/bmw-i5-touring-la-nouvelle-reference-electrique-pour-les-flottes\\\/#primaryimage\"},\"thumbnailUrl\":\"https:\\\/\\\/static.link2fleet.com\\\/wp-content\\\/uploads\\\/2024\\\/05\\\/bmw-i5-edrive40-touring-090.jpg\",\"articleSection\":[\"Importateurs et constructeurs\",\"V\u00e9hicules\"],\"inLanguage\":\"lb-LU\"},{\"@type\":\"WebPage\",\"@id\":\"https:\\\/\\\/www.link2fleet.com\\\/lu\\\/bmw-i5-touring-la-nouvelle-reference-electrique-pour-les-flottes\\\/\",\"url\":\"https:\\\/\\\/www.link2fleet.com\\\/lu\\\/bmw-i5-touring-la-nouvelle-reference-electrique-pour-les-flottes\\\/\",\"name\":\"BMW i5 Touring : la nouvelle r\u00e9f\u00e9rence \u00e9lectrique pour les flottes - link2fleet\",\"isPartOf\":{\"@id\":\"https:\\\/\\\/www.link2fleet.com\\\/fr\\\/#website\"},\"primaryImageOfPage\":{\"@id\":\"https:\\\/\\\/www.link2fleet.com\\\/lu\\\/bmw-i5-touring-la-nouvelle-reference-electrique-pour-les-flottes\\\/#primaryimage\"},\"image\":{\"@id\":\"https:\\\/\\\/www.link2fleet.com\\\/lu\\\/bmw-i5-touring-la-nouvelle-reference-electrique-pour-les-flottes\\\/#primaryimage\"},\"thumbnailUrl\":\"https:\\\/\\\/static.link2fleet.com\\\/wp-content\\\/uploads\\\/2024\\\/05\\\/bmw-i5-edrive40-touring-090.jpg\",\"datePublished\":\"2024-11-22T08:00:37+00:00\",\"dateModified\":\"2025-03-25T15:32:11+00:00\",\"breadcrumb\":{\"@id\":\"https:\\\/\\\/www.link2fleet.com\\\/lu\\\/bmw-i5-touring-la-nouvelle-reference-electrique-pour-les-flottes\\\/#breadcrumb\"},\"inLanguage\":\"lb-LU\",\"potentialAction\":[{\"@type\":\"ReadAction\",\"target\":[\"https:\\\/\\\/www.link2fleet.com\\\/lu\\\/bmw-i5-touring-la-nouvelle-reference-electrique-pour-les-flottes\\\/\"]}]},{\"@type\":\"ImageObject\",\"inLanguage\":\"lb-LU\",\"@id\":\"https:\\\/\\\/www.link2fleet.com\\\/lu\\\/bmw-i5-touring-la-nouvelle-reference-electrique-pour-les-flottes\\\/#primaryimage\",\"url\":\"https:\\\/\\\/static.link2fleet.com\\\/wp-content\\\/uploads\\\/2024\\\/05\\\/bmw-i5-edrive40-touring-090.jpg\",\"contentUrl\":\"https:\\\/\\\/static.link2fleet.com\\\/wp-content\\\/uploads\\\/2024\\\/05\\\/bmw-i5-edrive40-touring-090.jpg\",\"width\":2304,\"height\":1534},{\"@type\":\"BreadcrumbList\",\"@id\":\"https:\\\/\\\/www.link2fleet.com\\\/lu\\\/bmw-i5-touring-la-nouvelle-reference-electrique-pour-les-flottes\\\/#breadcrumb\",\"itemListElement\":[{\"@type\":\"ListItem\",\"position\":1,\"name\":\"Home\",\"item\":\"https:\\\/\\\/www.link2fleet.com\\\/lu\\\/\"},{\"@type\":\"ListItem\",\"position\":2,\"name\":\"BMW i5 Touring : la nouvelle r\u00e9f\u00e9rence \u00e9lectrique pour les flottes\"}]},{\"@type\":\"WebSite\",\"@id\":\"https:\\\/\\\/www.link2fleet.com\\\/fr\\\/#website\",\"url\":\"https:\\\/\\\/www.link2fleet.com\\\/fr\\\/\",\"name\":\"Link2fleet\",\"description\":\"\",\"publisher\":{\"@id\":\"https:\\\/\\\/www.link2fleet.com\\\/fr\\\/#organization\"},\"potentialAction\":[{\"@type\":\"SearchAction\",\"target\":{\"@type\":\"EntryPoint\",\"urlTemplate\":\"https:\\\/\\\/www.link2fleet.com\\\/fr\\\/?s={search_term_string}\"},\"query-input\":{\"@type\":\"PropertyValueSpecification\",\"valueRequired\":true,\"valueName\":\"search_term_string\"}}],\"inLanguage\":\"lb-LU\"},{\"@type\":\"Organization\",\"@id\":\"https:\\\/\\\/www.link2fleet.com\\\/fr\\\/#organization\",\"name\":\"Link2fleet\",\"url\":\"https:\\\/\\\/www.link2fleet.com\\\/fr\\\/\",\"logo\":{\"@type\":\"ImageObject\",\"inLanguage\":\"lb-LU\",\"@id\":\"https:\\\/\\\/www.link2fleet.com\\\/fr\\\/#\\\/schema\\\/logo\\\/image\\\/\",\"url\":\"https:\\\/\\\/static.link2fleet.com\\\/wp-content\\\/uploads\\\/2024\\\/03\\\/share-image.jpg\",\"contentUrl\":\"https:\\\/\\\/static.link2fleet.com\\\/wp-content\\\/uploads\\\/2024\\\/03\\\/share-image.jpg\",\"width\":1200,\"height\":630,\"caption\":\"Link2fleet\"},\"image\":{\"@id\":\"https:\\\/\\\/www.link2fleet.com\\\/fr\\\/#\\\/schema\\\/logo\\\/image\\\/\"},\"sameAs\":[\"https:\\\/\\\/www.linkedin.com\\\/company\\\/link2fleet-belgium\",\"https:\\\/\\\/www.youtube.com\\\/user\\\/MMMBMBE\"]},{\"@type\":\"Person\",\"@id\":\"https:\\\/\\\/www.link2fleet.com\\\/fr\\\/#\\\/schema\\\/person\\\/027cd46113c78036b3809c9a054049da\",\"name\":\"Damien Malvetti\",\"image\":{\"@type\":\"ImageObject\",\"inLanguage\":\"lb-LU\",\"@id\":\"https:\\\/\\\/secure.gravatar.com\\\/avatar\\\/dd8cc03b49466c735f753ac37f8caa371af16dfed347456ed61f02883255eebb?s=96&d=mm&r=g\",\"url\":\"https:\\\/\\\/secure.gravatar.com\\\/avatar\\\/dd8cc03b49466c735f753ac37f8caa371af16dfed347456ed61f02883255eebb?s=96&d=mm&r=g\",\"contentUrl\":\"https:\\\/\\\/secure.gravatar.com\\\/avatar\\\/dd8cc03b49466c735f753ac37f8caa371af16dfed347456ed61f02883255eebb?s=96&d=mm&r=g\",\"caption\":\"Damien Malvetti\"},\"description\":\"Damien Malvetti is opgeleid als journalist en gepassioneerd door wagens, technologie en mobiliteit. Hij is verantwoordelijk voor de redactionele inhoud van link2fleet en beschikt over een uitgebreide kennis van de fleet-sector en elektrische mobiliteit.\",\"sameAs\":[\"https:\\\/\\\/www.linkedin.com\\\/in\\\/damien-malvetti-56601142\\\/\"]}]}<\/script>\n<!-- \/ Yoast SEO plugin. -->","yoast_head_json":{"title":"BMW i5 Touring : la nouvelle r\u00e9f\u00e9rence \u00e9lectrique pour les flottes - link2fleet","description":"Dans un paysage automobile en pleine mutation, o\u00f9 l\u2019\u00e9lectrification s\u2019impose comme une \u00e9vidence, BMW continue de se d\u00e9marquer avec une proposition alliant performance, \u00e9l\u00e9gance et\u2026","robots":{"index":"index","follow":"follow","max-snippet":"max-snippet:-1","max-image-preview":"max-image-preview:large","max-video-preview":"max-video-preview:-1"},"og_locale":"en_US","og_type":"article","og_title":"BMW i5 Touring : la nouvelle r\u00e9f\u00e9rence \u00e9lectrique pour les flottes - link2fleet","og_description":"Dans un paysage automobile en pleine mutation, o\u00f9 l\u2019\u00e9lectrification s\u2019impose comme une \u00e9vidence, BMW continue de se d\u00e9marquer avec une proposition alliant performance, \u00e9l\u00e9gance et\u2026","og_url":"https:\/\/www.link2fleet.com\/lu\/bmw-i5-touring-la-nouvelle-reference-electrique-pour-les-flottes\/","og_site_name":"link2fleet","article_published_time":"2024-11-22T08:00:37+00:00","article_modified_time":"2025-03-25T15:32:11+00:00","og_image":[{"width":2304,"height":1534,"url":"https:\/\/static.link2fleet.com\/wp-content\/uploads\/2024\/05\/bmw-i5-edrive40-touring-090.jpg","type":"image\/jpeg"}],"author":"Damien Malvetti","twitter_card":"summary_large_image","twitter_description":"Dans un paysage automobile en pleine mutation, o\u00f9 l\u2019\u00e9lectrification s\u2019impose comme une \u00e9vidence, BMW continue de se d\u00e9marquer avec une proposition alliant performance, \u00e9l\u00e9gance et\u2026","twitter_misc":{"Written by":"Damien Malvetti","Est. reading time":"4 minutes"},"schema":{"@context":"https:\/\/schema.org","@graph":[{"@type":"Article","@id":"https:\/\/www.link2fleet.com\/lu\/bmw-i5-touring-la-nouvelle-reference-electrique-pour-les-flottes\/#article","isPartOf":{"@id":"https:\/\/www.link2fleet.com\/lu\/bmw-i5-touring-la-nouvelle-reference-electrique-pour-les-flottes\/"},"author":{"name":"Damien Malvetti","@id":"https:\/\/www.link2fleet.com\/fr\/#\/schema\/person\/027cd46113c78036b3809c9a054049da"},"headline":"BMW i5 Touring : la nouvelle r\u00e9f\u00e9rence \u00e9lectrique pour les flottes","datePublished":"2024-11-22T08:00:37+00:00","dateModified":"2025-03-25T15:32:11+00:00","mainEntityOfPage":{"@id":"https:\/\/www.link2fleet.com\/lu\/bmw-i5-touring-la-nouvelle-reference-electrique-pour-les-flottes\/"},"wordCount":12,"publisher":{"@id":"https:\/\/www.link2fleet.com\/fr\/#organization"},"image":{"@id":"https:\/\/www.link2fleet.com\/lu\/bmw-i5-touring-la-nouvelle-reference-electrique-pour-les-flottes\/#primaryimage"},"thumbnailUrl":"https:\/\/static.link2fleet.com\/wp-content\/uploads\/2024\/05\/bmw-i5-edrive40-touring-090.jpg","articleSection":["Importateurs et constructeurs","V\u00e9hicules"],"inLanguage":"lb-LU"},{"@type":"WebPage","@id":"https:\/\/www.link2fleet.com\/lu\/bmw-i5-touring-la-nouvelle-reference-electrique-pour-les-flottes\/","url":"https:\/\/www.link2fleet.com\/lu\/bmw-i5-touring-la-nouvelle-reference-electrique-pour-les-flottes\/","name":"BMW i5 Touring : la nouvelle r\u00e9f\u00e9rence \u00e9lectrique pour les flottes - link2fleet","isPartOf":{"@id":"https:\/\/www.link2fleet.com\/fr\/#website"},"primaryImageOfPage":{"@id":"https:\/\/www.link2fleet.com\/lu\/bmw-i5-touring-la-nouvelle-reference-electrique-pour-les-flottes\/#primaryimage"},"image":{"@id":"https:\/\/www.link2fleet.com\/lu\/bmw-i5-touring-la-nouvelle-reference-electrique-pour-les-flottes\/#primaryimage"},"thumbnailUrl":"https:\/\/static.link2fleet.com\/wp-content\/uploads\/2024\/05\/bmw-i5-edrive40-touring-090.jpg","datePublished":"2024-11-22T08:00:37+00:00","dateModified":"2025-03-25T15:32:11+00:00","breadcrumb":{"@id":"https:\/\/www.link2fleet.com\/lu\/bmw-i5-touring-la-nouvelle-reference-electrique-pour-les-flottes\/#breadcrumb"},"inLanguage":"lb-LU","potentialAction":[{"@type":"ReadAction","target":["https:\/\/www.link2fleet.com\/lu\/bmw-i5-touring-la-nouvelle-reference-electrique-pour-les-flottes\/"]}]},{"@type":"ImageObject","inLanguage":"lb-LU","@id":"https:\/\/www.link2fleet.com\/lu\/bmw-i5-touring-la-nouvelle-reference-electrique-pour-les-flottes\/#primaryimage","url":"https:\/\/static.link2fleet.com\/wp-content\/uploads\/2024\/05\/bmw-i5-edrive40-touring-090.jpg","contentUrl":"https:\/\/static.link2fleet.com\/wp-content\/uploads\/2024\/05\/bmw-i5-edrive40-touring-090.jpg","width":2304,"height":1534},{"@type":"BreadcrumbList","@id":"https:\/\/www.link2fleet.com\/lu\/bmw-i5-touring-la-nouvelle-reference-electrique-pour-les-flottes\/#breadcrumb","itemListElement":[{"@type":"ListItem","position":1,"name":"Home","item":"https:\/\/www.link2fleet.com\/lu\/"},{"@type":"ListItem","position":2,"name":"BMW i5 Touring : la nouvelle r\u00e9f\u00e9rence \u00e9lectrique pour les flottes"}]},{"@type":"WebSite","@id":"https:\/\/www.link2fleet.com\/fr\/#website","url":"https:\/\/www.link2fleet.com\/fr\/","name":"Link2fleet","description":"","publisher":{"@id":"https:\/\/www.link2fleet.com\/fr\/#organization"},"potentialAction":[{"@type":"SearchAction","target":{"@type":"EntryPoint","urlTemplate":"https:\/\/www.link2fleet.com\/fr\/?s={search_term_string}"},"query-input":{"@type":"PropertyValueSpecification","valueRequired":true,"valueName":"search_term_string"}}],"inLanguage":"lb-LU"},{"@type":"Organization","@id":"https:\/\/www.link2fleet.com\/fr\/#organization","name":"Link2fleet","url":"https:\/\/www.link2fleet.com\/fr\/","logo":{"@type":"ImageObject","inLanguage":"lb-LU","@id":"https:\/\/www.link2fleet.com\/fr\/#\/schema\/logo\/image\/","url":"https:\/\/static.link2fleet.com\/wp-content\/uploads\/2024\/03\/share-image.jpg","contentUrl":"https:\/\/static.link2fleet.com\/wp-content\/uploads\/2024\/03\/share-image.jpg","width":1200,"height":630,"caption":"Link2fleet"},"image":{"@id":"https:\/\/www.link2fleet.com\/fr\/#\/schema\/logo\/image\/"},"sameAs":["https:\/\/www.linkedin.com\/company\/link2fleet-belgium","https:\/\/www.youtube.com\/user\/MMMBMBE"]},{"@type":"Person","@id":"https:\/\/www.link2fleet.com\/fr\/#\/schema\/person\/027cd46113c78036b3809c9a054049da","name":"Damien Malvetti","image":{"@type":"ImageObject","inLanguage":"lb-LU","@id":"https:\/\/secure.gravatar.com\/avatar\/dd8cc03b49466c735f753ac37f8caa371af16dfed347456ed61f02883255eebb?s=96&d=mm&r=g","url":"https:\/\/secure.gravatar.com\/avatar\/dd8cc03b49466c735f753ac37f8caa371af16dfed347456ed61f02883255eebb?s=96&d=mm&r=g","contentUrl":"https:\/\/secure.gravatar.com\/avatar\/dd8cc03b49466c735f753ac37f8caa371af16dfed347456ed61f02883255eebb?s=96&d=mm&r=g","caption":"Damien Malvetti"},"description":"Damien Malvetti is opgeleid als journalist en gepassioneerd door wagens, technologie en mobiliteit. Hij is verantwoordelijk voor de redactionele inhoud van link2fleet en beschikt over een uitgebreide kennis van de fleet-sector en elektrische mobiliteit.","sameAs":["https:\/\/www.linkedin.com\/in\/damien-malvetti-56601142\/"]}]}},"_links":{"self":[{"href":"https:\/\/www.link2fleet.com\/lu\/wp-json\/wp\/v2\/posts\/36017","targetHints":{"allow":["GET"]}}],"collection":[{"href":"https:\/\/www.link2fleet.com\/lu\/wp-json\/wp\/v2\/posts"}],"about":[{"href":"https:\/\/www.link2fleet.com\/lu\/wp-json\/wp\/v2\/types\/post"}],"author":[{"embeddable":true,"href":"https:\/\/www.link2fleet.com\/lu\/wp-json\/wp\/v2\/users\/4"}],"replies":[{"embeddable":true,"href":"https:\/\/www.link2fleet.com\/lu\/wp-json\/wp\/v2\/comments?post=36017"}],"version-history":[{"count":4,"href":"https:\/\/www.link2fleet.com\/lu\/wp-json\/wp\/v2\/posts\/36017\/revisions"}],"predecessor-version":[{"id":39686,"href":"https:\/\/www.link2fleet.com\/lu\/wp-json\/wp\/v2\/posts\/36017\/revisions\/39686"}],"wp:featuredmedia":[{"embeddable":true,"href":"https:\/\/www.link2fleet.com\/lu\/wp-json\/wp\/v2\/media\/28168"}],"wp:attachment":[{"href":"https:\/\/www.link2fleet.com\/lu\/wp-json\/wp\/v2\/media?parent=36017"}],"wp:term":[{"taxonomy":"category","embeddable":true,"href":"https:\/\/www.link2fleet.com\/lu\/wp-json\/wp\/v2\/categories?post=36017"},{"taxonomy":"post_tag","embeddable":true,"href":"https:\/\/www.link2fleet.com\/lu\/wp-json\/wp\/v2\/tags?post=36017"}],"curies":[{"name":"wp","href":"https:\/\/api.w.org\/{rel}","templated":true}]}}