{"id":60971,"date":"2025-11-14T12:20:19","date_gmt":"2025-11-14T11:20:19","guid":{"rendered":"https:\/\/www.link2fleet.com\/?p=60971"},"modified":"2025-11-14T12:20:19","modified_gmt":"2025-11-14T11:20:19","slug":"un-train-direct-luxembourg-libramont-des-decembre-un-vrai-gain-de-temps-pour-les-frontaliers","status":"publish","type":"post","link":"https:\/\/www.link2fleet.com\/lu\/un-train-direct-luxembourg-libramont-des-decembre-un-vrai-gain-de-temps-pour-les-frontaliers\/","title":{"rendered":"Un train direct Luxembourg\u2013Libramont d\u00e8s d\u00e9cembre : un vrai gain de temps pour les frontaliers"},"content":{"rendered":"","protected":false},"excerpt":{"rendered":"","protected":false},"author":4,"featured_media":60972,"comment_status":"closed","ping_status":"closed","sticky":false,"template":"","format":"standard","meta":{"_acf_changed":false,"footnotes":""},"categories":[788],"tags":[],"class_list":["post-60971","post","type-post","status-publish","format-standard","has-post-thumbnail","hentry","category-mobilite"],"acf":[],"yoast_head":"<!-- This site is optimized with the Yoast SEO plugin v27.3 - https:\/\/yoast.com\/product\/yoast-seo-wordpress\/ -->\n<title>Un train direct Luxembourg\u2013Libramont d\u00e8s d\u00e9cembre : un vrai gain de temps pour les frontaliers - link2fleet<\/title>\n<meta name=\"description\" content=\"Bonne nouvelle pour les milliers de travailleurs transfrontaliers : d\u00e8s d\u00e9cembre 2025, un train direct reliera Libramont, Arlon et Luxembourg sans correspondance. Une avanc\u00e9e concr\u00e8te\u2026\" \/>\n<meta name=\"robots\" content=\"index, follow, max-snippet:-1, max-image-preview:large, max-video-preview:-1\" \/>\n<meta property=\"og:locale\" content=\"en_US\" \/>\n<meta property=\"og:type\" content=\"article\" \/>\n<meta property=\"og:title\" content=\"Un train direct Luxembourg\u2013Libramont d\u00e8s d\u00e9cembre : un vrai gain de temps pour les frontaliers - link2fleet\" \/>\n<meta property=\"og:description\" content=\"Bonne nouvelle pour les milliers de travailleurs transfrontaliers : d\u00e8s d\u00e9cembre 2025, un train direct reliera Libramont, Arlon et Luxembourg sans correspondance. Une avanc\u00e9e concr\u00e8te\u2026\" \/>\n<meta property=\"og:url\" content=\"https:\/\/www.link2fleet.com\/lu\/un-train-direct-luxembourg-libramont-des-decembre-un-vrai-gain-de-temps-pour-les-frontaliers\/\" \/>\n<meta property=\"og:site_name\" content=\"link2fleet\" \/>\n<meta property=\"article:published_time\" content=\"2025-11-14T11:20:19+00:00\" \/>\n<meta property=\"og:image\" content=\"https:\/\/static.link2fleet.com\/wp-content\/uploads\/2025\/11\/train-be-lux.png\" \/>\n\t<meta property=\"og:image:width\" content=\"1024\" \/>\n\t<meta property=\"og:image:height\" content=\"1024\" \/>\n\t<meta property=\"og:image:type\" content=\"image\/png\" \/>\n<meta name=\"author\" content=\"Damien Malvetti\" \/>\n<meta name=\"twitter:card\" content=\"summary_large_image\" \/>\n<meta name=\"twitter:description\" content=\"Bonne nouvelle pour les milliers de travailleurs transfrontaliers : d\u00e8s d\u00e9cembre 2025, un train direct reliera Libramont, Arlon et Luxembourg sans correspondance. Une avanc\u00e9e concr\u00e8te\u2026\" \/>\n<meta name=\"twitter:label1\" content=\"Written by\" \/>\n\t<meta name=\"twitter:data1\" content=\"Damien Malvetti\" \/>\n\t<meta name=\"twitter:label2\" content=\"Est. reading time\" \/>\n\t<meta name=\"twitter:data2\" content=\"2 minutes\" \/>\n<script type=\"application\/ld+json\" class=\"yoast-schema-graph\">{\"@context\":\"https:\\\/\\\/schema.org\",\"@graph\":[{\"@type\":\"Article\",\"@id\":\"https:\\\/\\\/www.link2fleet.com\\\/lu\\\/un-train-direct-luxembourg-libramont-des-decembre-un-vrai-gain-de-temps-pour-les-frontaliers\\\/#article\",\"isPartOf\":{\"@id\":\"https:\\\/\\\/www.link2fleet.com\\\/lu\\\/un-train-direct-luxembourg-libramont-des-decembre-un-vrai-gain-de-temps-pour-les-frontaliers\\\/\"},\"author\":{\"name\":\"Damien Malvetti\",\"@id\":\"https:\\\/\\\/www.link2fleet.com\\\/fr\\\/#\\\/schema\\\/person\\\/027cd46113c78036b3809c9a054049da\"},\"headline\":\"Un train direct Luxembourg\u2013Libramont d\u00e8s d\u00e9cembre : un vrai gain de temps pour les frontaliers\",\"datePublished\":\"2025-11-14T11:20:19+00:00\",\"mainEntityOfPage\":{\"@id\":\"https:\\\/\\\/www.link2fleet.com\\\/lu\\\/un-train-direct-luxembourg-libramont-des-decembre-un-vrai-gain-de-temps-pour-les-frontaliers\\\/\"},\"wordCount\":17,\"publisher\":{\"@id\":\"https:\\\/\\\/www.link2fleet.com\\\/fr\\\/#organization\"},\"image\":{\"@id\":\"https:\\\/\\\/www.link2fleet.com\\\/lu\\\/un-train-direct-luxembourg-libramont-des-decembre-un-vrai-gain-de-temps-pour-les-frontaliers\\\/#primaryimage\"},\"thumbnailUrl\":\"https:\\\/\\\/static.link2fleet.com\\\/wp-content\\\/uploads\\\/2025\\\/11\\\/train-be-lux.png\",\"articleSection\":[\"Mobilit\u00e9\"],\"inLanguage\":\"lb-LU\"},{\"@type\":\"WebPage\",\"@id\":\"https:\\\/\\\/www.link2fleet.com\\\/lu\\\/un-train-direct-luxembourg-libramont-des-decembre-un-vrai-gain-de-temps-pour-les-frontaliers\\\/\",\"url\":\"https:\\\/\\\/www.link2fleet.com\\\/lu\\\/un-train-direct-luxembourg-libramont-des-decembre-un-vrai-gain-de-temps-pour-les-frontaliers\\\/\",\"name\":\"Un train direct Luxembourg\u2013Libramont d\u00e8s d\u00e9cembre : un vrai gain de temps pour les frontaliers - link2fleet\",\"isPartOf\":{\"@id\":\"https:\\\/\\\/www.link2fleet.com\\\/fr\\\/#website\"},\"primaryImageOfPage\":{\"@id\":\"https:\\\/\\\/www.link2fleet.com\\\/lu\\\/un-train-direct-luxembourg-libramont-des-decembre-un-vrai-gain-de-temps-pour-les-frontaliers\\\/#primaryimage\"},\"image\":{\"@id\":\"https:\\\/\\\/www.link2fleet.com\\\/lu\\\/un-train-direct-luxembourg-libramont-des-decembre-un-vrai-gain-de-temps-pour-les-frontaliers\\\/#primaryimage\"},\"thumbnailUrl\":\"https:\\\/\\\/static.link2fleet.com\\\/wp-content\\\/uploads\\\/2025\\\/11\\\/train-be-lux.png\",\"datePublished\":\"2025-11-14T11:20:19+00:00\",\"breadcrumb\":{\"@id\":\"https:\\\/\\\/www.link2fleet.com\\\/lu\\\/un-train-direct-luxembourg-libramont-des-decembre-un-vrai-gain-de-temps-pour-les-frontaliers\\\/#breadcrumb\"},\"inLanguage\":\"lb-LU\",\"potentialAction\":[{\"@type\":\"ReadAction\",\"target\":[\"https:\\\/\\\/www.link2fleet.com\\\/lu\\\/un-train-direct-luxembourg-libramont-des-decembre-un-vrai-gain-de-temps-pour-les-frontaliers\\\/\"]}]},{\"@type\":\"ImageObject\",\"inLanguage\":\"lb-LU\",\"@id\":\"https:\\\/\\\/www.link2fleet.com\\\/lu\\\/un-train-direct-luxembourg-libramont-des-decembre-un-vrai-gain-de-temps-pour-les-frontaliers\\\/#primaryimage\",\"url\":\"https:\\\/\\\/static.link2fleet.com\\\/wp-content\\\/uploads\\\/2025\\\/11\\\/train-be-lux.png\",\"contentUrl\":\"https:\\\/\\\/static.link2fleet.com\\\/wp-content\\\/uploads\\\/2025\\\/11\\\/train-be-lux.png\",\"width\":1024,\"height\":1024},{\"@type\":\"BreadcrumbList\",\"@id\":\"https:\\\/\\\/www.link2fleet.com\\\/lu\\\/un-train-direct-luxembourg-libramont-des-decembre-un-vrai-gain-de-temps-pour-les-frontaliers\\\/#breadcrumb\",\"itemListElement\":[{\"@type\":\"ListItem\",\"position\":1,\"name\":\"Home\",\"item\":\"https:\\\/\\\/www.link2fleet.com\\\/lu\\\/\"},{\"@type\":\"ListItem\",\"position\":2,\"name\":\"Un train direct Luxembourg\u2013Libramont d\u00e8s d\u00e9cembre : un vrai gain de temps pour les frontaliers\"}]},{\"@type\":\"WebSite\",\"@id\":\"https:\\\/\\\/www.link2fleet.com\\\/fr\\\/#website\",\"url\":\"https:\\\/\\\/www.link2fleet.com\\\/fr\\\/\",\"name\":\"Link2fleet\",\"description\":\"\",\"publisher\":{\"@id\":\"https:\\\/\\\/www.link2fleet.com\\\/fr\\\/#organization\"},\"potentialAction\":[{\"@type\":\"SearchAction\",\"target\":{\"@type\":\"EntryPoint\",\"urlTemplate\":\"https:\\\/\\\/www.link2fleet.com\\\/fr\\\/?s={search_term_string}\"},\"query-input\":{\"@type\":\"PropertyValueSpecification\",\"valueRequired\":true,\"valueName\":\"search_term_string\"}}],\"inLanguage\":\"lb-LU\"},{\"@type\":\"Organization\",\"@id\":\"https:\\\/\\\/www.link2fleet.com\\\/fr\\\/#organization\",\"name\":\"Link2fleet\",\"url\":\"https:\\\/\\\/www.link2fleet.com\\\/fr\\\/\",\"logo\":{\"@type\":\"ImageObject\",\"inLanguage\":\"lb-LU\",\"@id\":\"https:\\\/\\\/www.link2fleet.com\\\/fr\\\/#\\\/schema\\\/logo\\\/image\\\/\",\"url\":\"https:\\\/\\\/static.link2fleet.com\\\/wp-content\\\/uploads\\\/2024\\\/03\\\/share-image.jpg\",\"contentUrl\":\"https:\\\/\\\/static.link2fleet.com\\\/wp-content\\\/uploads\\\/2024\\\/03\\\/share-image.jpg\",\"width\":1200,\"height\":630,\"caption\":\"Link2fleet\"},\"image\":{\"@id\":\"https:\\\/\\\/www.link2fleet.com\\\/fr\\\/#\\\/schema\\\/logo\\\/image\\\/\"},\"sameAs\":[\"https:\\\/\\\/www.linkedin.com\\\/company\\\/link2fleet-belgium\",\"https:\\\/\\\/www.youtube.com\\\/user\\\/MMMBMBE\"]},{\"@type\":\"Person\",\"@id\":\"https:\\\/\\\/www.link2fleet.com\\\/fr\\\/#\\\/schema\\\/person\\\/027cd46113c78036b3809c9a054049da\",\"name\":\"Damien Malvetti\",\"image\":{\"@type\":\"ImageObject\",\"inLanguage\":\"lb-LU\",\"@id\":\"https:\\\/\\\/secure.gravatar.com\\\/avatar\\\/dd8cc03b49466c735f753ac37f8caa371af16dfed347456ed61f02883255eebb?s=96&d=mm&r=g\",\"url\":\"https:\\\/\\\/secure.gravatar.com\\\/avatar\\\/dd8cc03b49466c735f753ac37f8caa371af16dfed347456ed61f02883255eebb?s=96&d=mm&r=g\",\"contentUrl\":\"https:\\\/\\\/secure.gravatar.com\\\/avatar\\\/dd8cc03b49466c735f753ac37f8caa371af16dfed347456ed61f02883255eebb?s=96&d=mm&r=g\",\"caption\":\"Damien Malvetti\"},\"description\":\"Damien Malvetti is opgeleid als journalist en gepassioneerd door wagens, technologie en mobiliteit. Hij is verantwoordelijk voor de redactionele inhoud van link2fleet en beschikt over een uitgebreide kennis van de fleet-sector en elektrische mobiliteit.\",\"sameAs\":[\"https:\\\/\\\/www.linkedin.com\\\/in\\\/damien-malvetti-56601142\\\/\"]}]}<\/script>\n<!-- \/ Yoast SEO plugin. -->","yoast_head_json":{"title":"Un train direct Luxembourg\u2013Libramont d\u00e8s d\u00e9cembre : un vrai gain de temps pour les frontaliers - link2fleet","description":"Bonne nouvelle pour les milliers de travailleurs transfrontaliers : d\u00e8s d\u00e9cembre 2025, un train direct reliera Libramont, Arlon et Luxembourg sans correspondance. Une avanc\u00e9e concr\u00e8te\u2026","robots":{"index":"index","follow":"follow","max-snippet":"max-snippet:-1","max-image-preview":"max-image-preview:large","max-video-preview":"max-video-preview:-1"},"og_locale":"en_US","og_type":"article","og_title":"Un train direct Luxembourg\u2013Libramont d\u00e8s d\u00e9cembre : un vrai gain de temps pour les frontaliers - link2fleet","og_description":"Bonne nouvelle pour les milliers de travailleurs transfrontaliers : d\u00e8s d\u00e9cembre 2025, un train direct reliera Libramont, Arlon et Luxembourg sans correspondance. Une avanc\u00e9e concr\u00e8te\u2026","og_url":"https:\/\/www.link2fleet.com\/lu\/un-train-direct-luxembourg-libramont-des-decembre-un-vrai-gain-de-temps-pour-les-frontaliers\/","og_site_name":"link2fleet","article_published_time":"2025-11-14T11:20:19+00:00","og_image":[{"width":1024,"height":1024,"url":"https:\/\/static.link2fleet.com\/wp-content\/uploads\/2025\/11\/train-be-lux.png","type":"image\/png"}],"author":"Damien Malvetti","twitter_card":"summary_large_image","twitter_description":"Bonne nouvelle pour les milliers de travailleurs transfrontaliers : d\u00e8s d\u00e9cembre 2025, un train direct reliera Libramont, Arlon et Luxembourg sans correspondance. Une avanc\u00e9e concr\u00e8te\u2026","twitter_misc":{"Written by":"Damien Malvetti","Est. reading time":"2 minutes"},"schema":{"@context":"https:\/\/schema.org","@graph":[{"@type":"Article","@id":"https:\/\/www.link2fleet.com\/lu\/un-train-direct-luxembourg-libramont-des-decembre-un-vrai-gain-de-temps-pour-les-frontaliers\/#article","isPartOf":{"@id":"https:\/\/www.link2fleet.com\/lu\/un-train-direct-luxembourg-libramont-des-decembre-un-vrai-gain-de-temps-pour-les-frontaliers\/"},"author":{"name":"Damien Malvetti","@id":"https:\/\/www.link2fleet.com\/fr\/#\/schema\/person\/027cd46113c78036b3809c9a054049da"},"headline":"Un train direct Luxembourg\u2013Libramont d\u00e8s d\u00e9cembre : un vrai gain de temps pour les frontaliers","datePublished":"2025-11-14T11:20:19+00:00","mainEntityOfPage":{"@id":"https:\/\/www.link2fleet.com\/lu\/un-train-direct-luxembourg-libramont-des-decembre-un-vrai-gain-de-temps-pour-les-frontaliers\/"},"wordCount":17,"publisher":{"@id":"https:\/\/www.link2fleet.com\/fr\/#organization"},"image":{"@id":"https:\/\/www.link2fleet.com\/lu\/un-train-direct-luxembourg-libramont-des-decembre-un-vrai-gain-de-temps-pour-les-frontaliers\/#primaryimage"},"thumbnailUrl":"https:\/\/static.link2fleet.com\/wp-content\/uploads\/2025\/11\/train-be-lux.png","articleSection":["Mobilit\u00e9"],"inLanguage":"lb-LU"},{"@type":"WebPage","@id":"https:\/\/www.link2fleet.com\/lu\/un-train-direct-luxembourg-libramont-des-decembre-un-vrai-gain-de-temps-pour-les-frontaliers\/","url":"https:\/\/www.link2fleet.com\/lu\/un-train-direct-luxembourg-libramont-des-decembre-un-vrai-gain-de-temps-pour-les-frontaliers\/","name":"Un train direct Luxembourg\u2013Libramont d\u00e8s d\u00e9cembre : un vrai gain de temps pour les frontaliers - link2fleet","isPartOf":{"@id":"https:\/\/www.link2fleet.com\/fr\/#website"},"primaryImageOfPage":{"@id":"https:\/\/www.link2fleet.com\/lu\/un-train-direct-luxembourg-libramont-des-decembre-un-vrai-gain-de-temps-pour-les-frontaliers\/#primaryimage"},"image":{"@id":"https:\/\/www.link2fleet.com\/lu\/un-train-direct-luxembourg-libramont-des-decembre-un-vrai-gain-de-temps-pour-les-frontaliers\/#primaryimage"},"thumbnailUrl":"https:\/\/static.link2fleet.com\/wp-content\/uploads\/2025\/11\/train-be-lux.png","datePublished":"2025-11-14T11:20:19+00:00","breadcrumb":{"@id":"https:\/\/www.link2fleet.com\/lu\/un-train-direct-luxembourg-libramont-des-decembre-un-vrai-gain-de-temps-pour-les-frontaliers\/#breadcrumb"},"inLanguage":"lb-LU","potentialAction":[{"@type":"ReadAction","target":["https:\/\/www.link2fleet.com\/lu\/un-train-direct-luxembourg-libramont-des-decembre-un-vrai-gain-de-temps-pour-les-frontaliers\/"]}]},{"@type":"ImageObject","inLanguage":"lb-LU","@id":"https:\/\/www.link2fleet.com\/lu\/un-train-direct-luxembourg-libramont-des-decembre-un-vrai-gain-de-temps-pour-les-frontaliers\/#primaryimage","url":"https:\/\/static.link2fleet.com\/wp-content\/uploads\/2025\/11\/train-be-lux.png","contentUrl":"https:\/\/static.link2fleet.com\/wp-content\/uploads\/2025\/11\/train-be-lux.png","width":1024,"height":1024},{"@type":"BreadcrumbList","@id":"https:\/\/www.link2fleet.com\/lu\/un-train-direct-luxembourg-libramont-des-decembre-un-vrai-gain-de-temps-pour-les-frontaliers\/#breadcrumb","itemListElement":[{"@type":"ListItem","position":1,"name":"Home","item":"https:\/\/www.link2fleet.com\/lu\/"},{"@type":"ListItem","position":2,"name":"Un train direct Luxembourg\u2013Libramont d\u00e8s d\u00e9cembre : un vrai gain de temps pour les frontaliers"}]},{"@type":"WebSite","@id":"https:\/\/www.link2fleet.com\/fr\/#website","url":"https:\/\/www.link2fleet.com\/fr\/","name":"Link2fleet","description":"","publisher":{"@id":"https:\/\/www.link2fleet.com\/fr\/#organization"},"potentialAction":[{"@type":"SearchAction","target":{"@type":"EntryPoint","urlTemplate":"https:\/\/www.link2fleet.com\/fr\/?s={search_term_string}"},"query-input":{"@type":"PropertyValueSpecification","valueRequired":true,"valueName":"search_term_string"}}],"inLanguage":"lb-LU"},{"@type":"Organization","@id":"https:\/\/www.link2fleet.com\/fr\/#organization","name":"Link2fleet","url":"https:\/\/www.link2fleet.com\/fr\/","logo":{"@type":"ImageObject","inLanguage":"lb-LU","@id":"https:\/\/www.link2fleet.com\/fr\/#\/schema\/logo\/image\/","url":"https:\/\/static.link2fleet.com\/wp-content\/uploads\/2024\/03\/share-image.jpg","contentUrl":"https:\/\/static.link2fleet.com\/wp-content\/uploads\/2024\/03\/share-image.jpg","width":1200,"height":630,"caption":"Link2fleet"},"image":{"@id":"https:\/\/www.link2fleet.com\/fr\/#\/schema\/logo\/image\/"},"sameAs":["https:\/\/www.linkedin.com\/company\/link2fleet-belgium","https:\/\/www.youtube.com\/user\/MMMBMBE"]},{"@type":"Person","@id":"https:\/\/www.link2fleet.com\/fr\/#\/schema\/person\/027cd46113c78036b3809c9a054049da","name":"Damien Malvetti","image":{"@type":"ImageObject","inLanguage":"lb-LU","@id":"https:\/\/secure.gravatar.com\/avatar\/dd8cc03b49466c735f753ac37f8caa371af16dfed347456ed61f02883255eebb?s=96&d=mm&r=g","url":"https:\/\/secure.gravatar.com\/avatar\/dd8cc03b49466c735f753ac37f8caa371af16dfed347456ed61f02883255eebb?s=96&d=mm&r=g","contentUrl":"https:\/\/secure.gravatar.com\/avatar\/dd8cc03b49466c735f753ac37f8caa371af16dfed347456ed61f02883255eebb?s=96&d=mm&r=g","caption":"Damien Malvetti"},"description":"Damien Malvetti is opgeleid als journalist en gepassioneerd door wagens, technologie en mobiliteit. Hij is verantwoordelijk voor de redactionele inhoud van link2fleet en beschikt over een uitgebreide kennis van de fleet-sector en elektrische mobiliteit.","sameAs":["https:\/\/www.linkedin.com\/in\/damien-malvetti-56601142\/"]}]}},"_links":{"self":[{"href":"https:\/\/www.link2fleet.com\/lu\/wp-json\/wp\/v2\/posts\/60971","targetHints":{"allow":["GET"]}}],"collection":[{"href":"https:\/\/www.link2fleet.com\/lu\/wp-json\/wp\/v2\/posts"}],"about":[{"href":"https:\/\/www.link2fleet.com\/lu\/wp-json\/wp\/v2\/types\/post"}],"author":[{"embeddable":true,"href":"https:\/\/www.link2fleet.com\/lu\/wp-json\/wp\/v2\/users\/4"}],"replies":[{"embeddable":true,"href":"https:\/\/www.link2fleet.com\/lu\/wp-json\/wp\/v2\/comments?post=60971"}],"version-history":[{"count":1,"href":"https:\/\/www.link2fleet.com\/lu\/wp-json\/wp\/v2\/posts\/60971\/revisions"}],"predecessor-version":[{"id":60975,"href":"https:\/\/www.link2fleet.com\/lu\/wp-json\/wp\/v2\/posts\/60971\/revisions\/60975"}],"wp:featuredmedia":[{"embeddable":true,"href":"https:\/\/www.link2fleet.com\/lu\/wp-json\/wp\/v2\/media\/60972"}],"wp:attachment":[{"href":"https:\/\/www.link2fleet.com\/lu\/wp-json\/wp\/v2\/media?parent=60971"}],"wp:term":[{"taxonomy":"category","embeddable":true,"href":"https:\/\/www.link2fleet.com\/lu\/wp-json\/wp\/v2\/categories?post=60971"},{"taxonomy":"post_tag","embeddable":true,"href":"https:\/\/www.link2fleet.com\/lu\/wp-json\/wp\/v2\/tags?post=60971"}],"curies":[{"name":"wp","href":"https:\/\/api.w.org\/{rel}","templated":true}]}}