{"id":66724,"date":"2026-03-04T10:10:27","date_gmt":"2026-03-04T09:10:27","guid":{"rendered":"https:\/\/www.link2fleet.com\/?p=66724"},"modified":"2026-03-04T10:10:27","modified_gmt":"2026-03-04T09:10:27","slug":"leasys-luxembourg-nomme-son-nouveau-business-development-marketing-director","status":"publish","type":"post","link":"https:\/\/www.link2fleet.com\/lu\/leasys-luxembourg-nomme-son-nouveau-business-development-marketing-director\/","title":{"rendered":"Leasys Luxembourg nomme son nouveau Business Development &#038; Marketing Director"},"content":{"rendered":"","protected":false},"excerpt":{"rendered":"","protected":false},"author":4,"featured_media":66725,"comment_status":"closed","ping_status":"closed","sticky":false,"template":"","format":"standard","meta":{"_acf_changed":false,"footnotes":""},"categories":[791,792,794],"tags":[],"class_list":["post-66724","post","type-post","status-publish","format-standard","has-post-thumbnail","hentry","category-actus","category-gestion-de-flotte","category-location-long-terme"],"acf":[],"yoast_head":"<!-- This site is optimized with the Yoast SEO plugin v27.3 - https:\/\/yoast.com\/product\/yoast-seo-wordpress\/ -->\n<title>Leasys Luxembourg nomme son nouveau Business Development &amp; Marketing Director - link2fleet<\/title>\n<meta name=\"description\" content=\"Leasys, sp\u00e9cialiste du leasing automobile et de la location de v\u00e9hicules, et d\u00e9tenue \u00e0 parts \u00e9gales par Stellantis et Cr\u00e9dit Agricole Personal Finance &amp; Mobility,\u2026\" \/>\n<meta name=\"robots\" content=\"index, follow, max-snippet:-1, max-image-preview:large, max-video-preview:-1\" \/>\n<meta property=\"og:locale\" content=\"en_US\" \/>\n<meta property=\"og:type\" content=\"article\" \/>\n<meta property=\"og:title\" content=\"Leasys Luxembourg nomme son nouveau Business Development &amp; Marketing Director - link2fleet\" \/>\n<meta property=\"og:description\" content=\"Leasys, sp\u00e9cialiste du leasing automobile et de la location de v\u00e9hicules, et d\u00e9tenue \u00e0 parts \u00e9gales par Stellantis et Cr\u00e9dit Agricole Personal Finance &amp; Mobility,\u2026\" \/>\n<meta property=\"og:url\" content=\"https:\/\/www.link2fleet.com\/lu\/leasys-luxembourg-nomme-son-nouveau-business-development-marketing-director\/\" \/>\n<meta property=\"og:site_name\" content=\"link2fleet\" \/>\n<meta property=\"article:published_time\" content=\"2026-03-04T09:10:27+00:00\" \/>\n<meta property=\"og:image\" content=\"https:\/\/static.link2fleet.com\/wp-content\/uploads\/2026\/03\/gregogylagaude-leasys-luxembourg-scaled.jpg\" \/>\n\t<meta property=\"og:image:width\" content=\"3000\" \/>\n\t<meta property=\"og:image:height\" content=\"2445\" \/>\n\t<meta property=\"og:image:type\" content=\"image\/jpeg\" \/>\n<meta name=\"author\" content=\"Damien Malvetti\" \/>\n<meta name=\"twitter:card\" content=\"summary_large_image\" \/>\n<meta name=\"twitter:description\" content=\"Leasys, sp\u00e9cialiste du leasing automobile et de la location de v\u00e9hicules, et d\u00e9tenue \u00e0 parts \u00e9gales par Stellantis et Cr\u00e9dit Agricole Personal Finance &amp; Mobility,\u2026\" \/>\n<meta name=\"twitter:label1\" content=\"Written by\" \/>\n\t<meta name=\"twitter:data1\" content=\"Damien Malvetti\" \/>\n\t<meta name=\"twitter:label2\" content=\"Est. reading time\" \/>\n\t<meta name=\"twitter:data2\" content=\"3 minutes\" \/>\n<script type=\"application\/ld+json\" class=\"yoast-schema-graph\">{\"@context\":\"https:\\\/\\\/schema.org\",\"@graph\":[{\"@type\":\"Article\",\"@id\":\"https:\\\/\\\/www.link2fleet.com\\\/lu\\\/leasys-luxembourg-nomme-son-nouveau-business-development-marketing-director\\\/#article\",\"isPartOf\":{\"@id\":\"https:\\\/\\\/www.link2fleet.com\\\/lu\\\/leasys-luxembourg-nomme-son-nouveau-business-development-marketing-director\\\/\"},\"author\":{\"name\":\"Damien Malvetti\",\"@id\":\"https:\\\/\\\/www.link2fleet.com\\\/fr\\\/#\\\/schema\\\/person\\\/027cd46113c78036b3809c9a054049da\"},\"headline\":\"Leasys Luxembourg nomme son nouveau Business Development &#038; Marketing Director\",\"datePublished\":\"2026-03-04T09:10:27+00:00\",\"mainEntityOfPage\":{\"@id\":\"https:\\\/\\\/www.link2fleet.com\\\/lu\\\/leasys-luxembourg-nomme-son-nouveau-business-development-marketing-director\\\/\"},\"wordCount\":9,\"publisher\":{\"@id\":\"https:\\\/\\\/www.link2fleet.com\\\/fr\\\/#organization\"},\"image\":{\"@id\":\"https:\\\/\\\/www.link2fleet.com\\\/lu\\\/leasys-luxembourg-nomme-son-nouveau-business-development-marketing-director\\\/#primaryimage\"},\"thumbnailUrl\":\"https:\\\/\\\/static.link2fleet.com\\\/wp-content\\\/uploads\\\/2026\\\/03\\\/gregogylagaude-leasys-luxembourg-scaled.jpg\",\"articleSection\":[\"Actus\",\"Gestion de flotte\",\"Location long-terme\"],\"inLanguage\":\"lb-LU\"},{\"@type\":\"WebPage\",\"@id\":\"https:\\\/\\\/www.link2fleet.com\\\/lu\\\/leasys-luxembourg-nomme-son-nouveau-business-development-marketing-director\\\/\",\"url\":\"https:\\\/\\\/www.link2fleet.com\\\/lu\\\/leasys-luxembourg-nomme-son-nouveau-business-development-marketing-director\\\/\",\"name\":\"Leasys Luxembourg nomme son nouveau Business Development & Marketing Director - link2fleet\",\"isPartOf\":{\"@id\":\"https:\\\/\\\/www.link2fleet.com\\\/fr\\\/#website\"},\"primaryImageOfPage\":{\"@id\":\"https:\\\/\\\/www.link2fleet.com\\\/lu\\\/leasys-luxembourg-nomme-son-nouveau-business-development-marketing-director\\\/#primaryimage\"},\"image\":{\"@id\":\"https:\\\/\\\/www.link2fleet.com\\\/lu\\\/leasys-luxembourg-nomme-son-nouveau-business-development-marketing-director\\\/#primaryimage\"},\"thumbnailUrl\":\"https:\\\/\\\/static.link2fleet.com\\\/wp-content\\\/uploads\\\/2026\\\/03\\\/gregogylagaude-leasys-luxembourg-scaled.jpg\",\"datePublished\":\"2026-03-04T09:10:27+00:00\",\"breadcrumb\":{\"@id\":\"https:\\\/\\\/www.link2fleet.com\\\/lu\\\/leasys-luxembourg-nomme-son-nouveau-business-development-marketing-director\\\/#breadcrumb\"},\"inLanguage\":\"lb-LU\",\"potentialAction\":[{\"@type\":\"ReadAction\",\"target\":[\"https:\\\/\\\/www.link2fleet.com\\\/lu\\\/leasys-luxembourg-nomme-son-nouveau-business-development-marketing-director\\\/\"]}]},{\"@type\":\"ImageObject\",\"inLanguage\":\"lb-LU\",\"@id\":\"https:\\\/\\\/www.link2fleet.com\\\/lu\\\/leasys-luxembourg-nomme-son-nouveau-business-development-marketing-director\\\/#primaryimage\",\"url\":\"https:\\\/\\\/static.link2fleet.com\\\/wp-content\\\/uploads\\\/2026\\\/03\\\/gregogylagaude-leasys-luxembourg-scaled.jpg\",\"contentUrl\":\"https:\\\/\\\/static.link2fleet.com\\\/wp-content\\\/uploads\\\/2026\\\/03\\\/gregogylagaude-leasys-luxembourg-scaled.jpg\",\"width\":3000,\"height\":2445},{\"@type\":\"BreadcrumbList\",\"@id\":\"https:\\\/\\\/www.link2fleet.com\\\/lu\\\/leasys-luxembourg-nomme-son-nouveau-business-development-marketing-director\\\/#breadcrumb\",\"itemListElement\":[{\"@type\":\"ListItem\",\"position\":1,\"name\":\"Home\",\"item\":\"https:\\\/\\\/www.link2fleet.com\\\/lu\\\/\"},{\"@type\":\"ListItem\",\"position\":2,\"name\":\"Leasys Luxembourg nomme son nouveau Business Development &#038; Marketing Director\"}]},{\"@type\":\"WebSite\",\"@id\":\"https:\\\/\\\/www.link2fleet.com\\\/fr\\\/#website\",\"url\":\"https:\\\/\\\/www.link2fleet.com\\\/fr\\\/\",\"name\":\"Link2fleet\",\"description\":\"\",\"publisher\":{\"@id\":\"https:\\\/\\\/www.link2fleet.com\\\/fr\\\/#organization\"},\"potentialAction\":[{\"@type\":\"SearchAction\",\"target\":{\"@type\":\"EntryPoint\",\"urlTemplate\":\"https:\\\/\\\/www.link2fleet.com\\\/fr\\\/?s={search_term_string}\"},\"query-input\":{\"@type\":\"PropertyValueSpecification\",\"valueRequired\":true,\"valueName\":\"search_term_string\"}}],\"inLanguage\":\"lb-LU\"},{\"@type\":\"Organization\",\"@id\":\"https:\\\/\\\/www.link2fleet.com\\\/fr\\\/#organization\",\"name\":\"Link2fleet\",\"url\":\"https:\\\/\\\/www.link2fleet.com\\\/fr\\\/\",\"logo\":{\"@type\":\"ImageObject\",\"inLanguage\":\"lb-LU\",\"@id\":\"https:\\\/\\\/www.link2fleet.com\\\/fr\\\/#\\\/schema\\\/logo\\\/image\\\/\",\"url\":\"https:\\\/\\\/static.link2fleet.com\\\/wp-content\\\/uploads\\\/2024\\\/03\\\/share-image.jpg\",\"contentUrl\":\"https:\\\/\\\/static.link2fleet.com\\\/wp-content\\\/uploads\\\/2024\\\/03\\\/share-image.jpg\",\"width\":1200,\"height\":630,\"caption\":\"Link2fleet\"},\"image\":{\"@id\":\"https:\\\/\\\/www.link2fleet.com\\\/fr\\\/#\\\/schema\\\/logo\\\/image\\\/\"},\"sameAs\":[\"https:\\\/\\\/www.linkedin.com\\\/company\\\/link2fleet-belgium\",\"https:\\\/\\\/www.youtube.com\\\/user\\\/MMMBMBE\"]},{\"@type\":\"Person\",\"@id\":\"https:\\\/\\\/www.link2fleet.com\\\/fr\\\/#\\\/schema\\\/person\\\/027cd46113c78036b3809c9a054049da\",\"name\":\"Damien Malvetti\",\"image\":{\"@type\":\"ImageObject\",\"inLanguage\":\"lb-LU\",\"@id\":\"https:\\\/\\\/secure.gravatar.com\\\/avatar\\\/dd8cc03b49466c735f753ac37f8caa371af16dfed347456ed61f02883255eebb?s=96&d=mm&r=g\",\"url\":\"https:\\\/\\\/secure.gravatar.com\\\/avatar\\\/dd8cc03b49466c735f753ac37f8caa371af16dfed347456ed61f02883255eebb?s=96&d=mm&r=g\",\"contentUrl\":\"https:\\\/\\\/secure.gravatar.com\\\/avatar\\\/dd8cc03b49466c735f753ac37f8caa371af16dfed347456ed61f02883255eebb?s=96&d=mm&r=g\",\"caption\":\"Damien Malvetti\"},\"description\":\"Damien Malvetti is opgeleid als journalist en gepassioneerd door wagens, technologie en mobiliteit. Hij is verantwoordelijk voor de redactionele inhoud van link2fleet en beschikt over een uitgebreide kennis van de fleet-sector en elektrische mobiliteit.\",\"sameAs\":[\"https:\\\/\\\/www.linkedin.com\\\/in\\\/damien-malvetti-56601142\\\/\"]}]}<\/script>\n<!-- \/ Yoast SEO plugin. -->","yoast_head_json":{"title":"Leasys Luxembourg nomme son nouveau Business Development & Marketing Director - link2fleet","description":"Leasys, sp\u00e9cialiste du leasing automobile et de la location de v\u00e9hicules, et d\u00e9tenue \u00e0 parts \u00e9gales par Stellantis et Cr\u00e9dit Agricole Personal Finance &amp; Mobility,\u2026","robots":{"index":"index","follow":"follow","max-snippet":"max-snippet:-1","max-image-preview":"max-image-preview:large","max-video-preview":"max-video-preview:-1"},"og_locale":"en_US","og_type":"article","og_title":"Leasys Luxembourg nomme son nouveau Business Development & Marketing Director - link2fleet","og_description":"Leasys, sp\u00e9cialiste du leasing automobile et de la location de v\u00e9hicules, et d\u00e9tenue \u00e0 parts \u00e9gales par Stellantis et Cr\u00e9dit Agricole Personal Finance &amp; Mobility,\u2026","og_url":"https:\/\/www.link2fleet.com\/lu\/leasys-luxembourg-nomme-son-nouveau-business-development-marketing-director\/","og_site_name":"link2fleet","article_published_time":"2026-03-04T09:10:27+00:00","og_image":[{"width":3000,"height":2445,"url":"https:\/\/static.link2fleet.com\/wp-content\/uploads\/2026\/03\/gregogylagaude-leasys-luxembourg-scaled.jpg","type":"image\/jpeg"}],"author":"Damien Malvetti","twitter_card":"summary_large_image","twitter_description":"Leasys, sp\u00e9cialiste du leasing automobile et de la location de v\u00e9hicules, et d\u00e9tenue \u00e0 parts \u00e9gales par Stellantis et Cr\u00e9dit Agricole Personal Finance &amp; Mobility,\u2026","twitter_misc":{"Written by":"Damien Malvetti","Est. reading time":"3 minutes"},"schema":{"@context":"https:\/\/schema.org","@graph":[{"@type":"Article","@id":"https:\/\/www.link2fleet.com\/lu\/leasys-luxembourg-nomme-son-nouveau-business-development-marketing-director\/#article","isPartOf":{"@id":"https:\/\/www.link2fleet.com\/lu\/leasys-luxembourg-nomme-son-nouveau-business-development-marketing-director\/"},"author":{"name":"Damien Malvetti","@id":"https:\/\/www.link2fleet.com\/fr\/#\/schema\/person\/027cd46113c78036b3809c9a054049da"},"headline":"Leasys Luxembourg nomme son nouveau Business Development &#038; Marketing Director","datePublished":"2026-03-04T09:10:27+00:00","mainEntityOfPage":{"@id":"https:\/\/www.link2fleet.com\/lu\/leasys-luxembourg-nomme-son-nouveau-business-development-marketing-director\/"},"wordCount":9,"publisher":{"@id":"https:\/\/www.link2fleet.com\/fr\/#organization"},"image":{"@id":"https:\/\/www.link2fleet.com\/lu\/leasys-luxembourg-nomme-son-nouveau-business-development-marketing-director\/#primaryimage"},"thumbnailUrl":"https:\/\/static.link2fleet.com\/wp-content\/uploads\/2026\/03\/gregogylagaude-leasys-luxembourg-scaled.jpg","articleSection":["Actus","Gestion de flotte","Location long-terme"],"inLanguage":"lb-LU"},{"@type":"WebPage","@id":"https:\/\/www.link2fleet.com\/lu\/leasys-luxembourg-nomme-son-nouveau-business-development-marketing-director\/","url":"https:\/\/www.link2fleet.com\/lu\/leasys-luxembourg-nomme-son-nouveau-business-development-marketing-director\/","name":"Leasys Luxembourg nomme son nouveau Business Development & Marketing Director - link2fleet","isPartOf":{"@id":"https:\/\/www.link2fleet.com\/fr\/#website"},"primaryImageOfPage":{"@id":"https:\/\/www.link2fleet.com\/lu\/leasys-luxembourg-nomme-son-nouveau-business-development-marketing-director\/#primaryimage"},"image":{"@id":"https:\/\/www.link2fleet.com\/lu\/leasys-luxembourg-nomme-son-nouveau-business-development-marketing-director\/#primaryimage"},"thumbnailUrl":"https:\/\/static.link2fleet.com\/wp-content\/uploads\/2026\/03\/gregogylagaude-leasys-luxembourg-scaled.jpg","datePublished":"2026-03-04T09:10:27+00:00","breadcrumb":{"@id":"https:\/\/www.link2fleet.com\/lu\/leasys-luxembourg-nomme-son-nouveau-business-development-marketing-director\/#breadcrumb"},"inLanguage":"lb-LU","potentialAction":[{"@type":"ReadAction","target":["https:\/\/www.link2fleet.com\/lu\/leasys-luxembourg-nomme-son-nouveau-business-development-marketing-director\/"]}]},{"@type":"ImageObject","inLanguage":"lb-LU","@id":"https:\/\/www.link2fleet.com\/lu\/leasys-luxembourg-nomme-son-nouveau-business-development-marketing-director\/#primaryimage","url":"https:\/\/static.link2fleet.com\/wp-content\/uploads\/2026\/03\/gregogylagaude-leasys-luxembourg-scaled.jpg","contentUrl":"https:\/\/static.link2fleet.com\/wp-content\/uploads\/2026\/03\/gregogylagaude-leasys-luxembourg-scaled.jpg","width":3000,"height":2445},{"@type":"BreadcrumbList","@id":"https:\/\/www.link2fleet.com\/lu\/leasys-luxembourg-nomme-son-nouveau-business-development-marketing-director\/#breadcrumb","itemListElement":[{"@type":"ListItem","position":1,"name":"Home","item":"https:\/\/www.link2fleet.com\/lu\/"},{"@type":"ListItem","position":2,"name":"Leasys Luxembourg nomme son nouveau Business Development &#038; Marketing Director"}]},{"@type":"WebSite","@id":"https:\/\/www.link2fleet.com\/fr\/#website","url":"https:\/\/www.link2fleet.com\/fr\/","name":"Link2fleet","description":"","publisher":{"@id":"https:\/\/www.link2fleet.com\/fr\/#organization"},"potentialAction":[{"@type":"SearchAction","target":{"@type":"EntryPoint","urlTemplate":"https:\/\/www.link2fleet.com\/fr\/?s={search_term_string}"},"query-input":{"@type":"PropertyValueSpecification","valueRequired":true,"valueName":"search_term_string"}}],"inLanguage":"lb-LU"},{"@type":"Organization","@id":"https:\/\/www.link2fleet.com\/fr\/#organization","name":"Link2fleet","url":"https:\/\/www.link2fleet.com\/fr\/","logo":{"@type":"ImageObject","inLanguage":"lb-LU","@id":"https:\/\/www.link2fleet.com\/fr\/#\/schema\/logo\/image\/","url":"https:\/\/static.link2fleet.com\/wp-content\/uploads\/2024\/03\/share-image.jpg","contentUrl":"https:\/\/static.link2fleet.com\/wp-content\/uploads\/2024\/03\/share-image.jpg","width":1200,"height":630,"caption":"Link2fleet"},"image":{"@id":"https:\/\/www.link2fleet.com\/fr\/#\/schema\/logo\/image\/"},"sameAs":["https:\/\/www.linkedin.com\/company\/link2fleet-belgium","https:\/\/www.youtube.com\/user\/MMMBMBE"]},{"@type":"Person","@id":"https:\/\/www.link2fleet.com\/fr\/#\/schema\/person\/027cd46113c78036b3809c9a054049da","name":"Damien Malvetti","image":{"@type":"ImageObject","inLanguage":"lb-LU","@id":"https:\/\/secure.gravatar.com\/avatar\/dd8cc03b49466c735f753ac37f8caa371af16dfed347456ed61f02883255eebb?s=96&d=mm&r=g","url":"https:\/\/secure.gravatar.com\/avatar\/dd8cc03b49466c735f753ac37f8caa371af16dfed347456ed61f02883255eebb?s=96&d=mm&r=g","contentUrl":"https:\/\/secure.gravatar.com\/avatar\/dd8cc03b49466c735f753ac37f8caa371af16dfed347456ed61f02883255eebb?s=96&d=mm&r=g","caption":"Damien Malvetti"},"description":"Damien Malvetti is opgeleid als journalist en gepassioneerd door wagens, technologie en mobiliteit. Hij is verantwoordelijk voor de redactionele inhoud van link2fleet en beschikt over een uitgebreide kennis van de fleet-sector en elektrische mobiliteit.","sameAs":["https:\/\/www.linkedin.com\/in\/damien-malvetti-56601142\/"]}]}},"_links":{"self":[{"href":"https:\/\/www.link2fleet.com\/lu\/wp-json\/wp\/v2\/posts\/66724","targetHints":{"allow":["GET"]}}],"collection":[{"href":"https:\/\/www.link2fleet.com\/lu\/wp-json\/wp\/v2\/posts"}],"about":[{"href":"https:\/\/www.link2fleet.com\/lu\/wp-json\/wp\/v2\/types\/post"}],"author":[{"embeddable":true,"href":"https:\/\/www.link2fleet.com\/lu\/wp-json\/wp\/v2\/users\/4"}],"replies":[{"embeddable":true,"href":"https:\/\/www.link2fleet.com\/lu\/wp-json\/wp\/v2\/comments?post=66724"}],"version-history":[{"count":1,"href":"https:\/\/www.link2fleet.com\/lu\/wp-json\/wp\/v2\/posts\/66724\/revisions"}],"predecessor-version":[{"id":66728,"href":"https:\/\/www.link2fleet.com\/lu\/wp-json\/wp\/v2\/posts\/66724\/revisions\/66728"}],"wp:featuredmedia":[{"embeddable":true,"href":"https:\/\/www.link2fleet.com\/lu\/wp-json\/wp\/v2\/media\/66725"}],"wp:attachment":[{"href":"https:\/\/www.link2fleet.com\/lu\/wp-json\/wp\/v2\/media?parent=66724"}],"wp:term":[{"taxonomy":"category","embeddable":true,"href":"https:\/\/www.link2fleet.com\/lu\/wp-json\/wp\/v2\/categories?post=66724"},{"taxonomy":"post_tag","embeddable":true,"href":"https:\/\/www.link2fleet.com\/lu\/wp-json\/wp\/v2\/tags?post=66724"}],"curies":[{"name":"wp","href":"https:\/\/api.w.org\/{rel}","templated":true}]}}